{"id":9996,"date":"2025-11-27T08:31:06","date_gmt":"2025-11-27T08:31:06","guid":{"rendered":"https:\/\/www.information-bruxelles.be\/schrijf-je-in-voor-affaire-for-life-2025-in-brussel-met-julia-vignali-en-15-affaire-conclue-kopers\/"},"modified":"2025-11-27T08:31:06","modified_gmt":"2025-11-27T08:31:06","slug":"schrijf-je-in-voor-affaire-for-life-2025-in-brussel-met-julia-vignali-en-15-affaire-conclue-kopers","status":"publish","type":"post","link":"https:\/\/www.information-bruxelles.be\/nl\/schrijf-je-in-voor-affaire-for-life-2025-in-brussel-met-julia-vignali-en-15-affaire-conclue-kopers\/","title":{"rendered":"Schrijf je in voor Affaire for Life 2025 in Brussel met Julia Vignali en 15 Affaire conclue kopers"},"content":{"rendered":"\n\n<div class=\"kk-star-ratings kksr-auto kksr-align-left kksr-valign-top\"\n    data-payload='{&quot;align&quot;:&quot;left&quot;,&quot;id&quot;:&quot;9996&quot;,&quot;slug&quot;:&quot;default&quot;,&quot;valign&quot;:&quot;top&quot;,&quot;ignore&quot;:&quot;&quot;,&quot;reference&quot;:&quot;auto&quot;,&quot;class&quot;:&quot;&quot;,&quot;count&quot;:&quot;0&quot;,&quot;legendonly&quot;:&quot;&quot;,&quot;readonly&quot;:&quot;&quot;,&quot;score&quot;:&quot;0&quot;,&quot;starsonly&quot;:&quot;&quot;,&quot;best&quot;:&quot;5&quot;,&quot;gap&quot;:&quot;5&quot;,&quot;greet&quot;:&quot;Rate this post&quot;,&quot;legend&quot;:&quot;0\\\/5 - (0 stemmen)&quot;,&quot;size&quot;:&quot;24&quot;,&quot;title&quot;:&quot;Schrijf je in voor Affaire for Life 2025 in Brussel met Julia Vignali en 15 Affaire conclue kopers&quot;,&quot;width&quot;:&quot;0&quot;,&quot;_legend&quot;:&quot;{score}\\\/{best} - ({count} {votes})&quot;,&quot;font_factor&quot;:&quot;1.25&quot;}'>\n            \n<div class=\"kksr-stars\">\n    \n<div class=\"kksr-stars-inactive\">\n            <div class=\"kksr-star\" data-star=\"1\" style=\"padding-right: 5px\">\n            \n\n<div class=\"kksr-icon\" style=\"width: 24px; height: 24px;\"><\/div>\n        <\/div>\n            <div class=\"kksr-star\" data-star=\"2\" style=\"padding-right: 5px\">\n            \n\n<div class=\"kksr-icon\" style=\"width: 24px; height: 24px;\"><\/div>\n        <\/div>\n            <div class=\"kksr-star\" data-star=\"3\" style=\"padding-right: 5px\">\n            \n\n<div class=\"kksr-icon\" style=\"width: 24px; height: 24px;\"><\/div>\n        <\/div>\n            <div class=\"kksr-star\" data-star=\"4\" style=\"padding-right: 5px\">\n            \n\n<div class=\"kksr-icon\" style=\"width: 24px; height: 24px;\"><\/div>\n        <\/div>\n            <div class=\"kksr-star\" data-star=\"5\" style=\"padding-right: 5px\">\n            \n\n<div class=\"kksr-icon\" style=\"width: 24px; height: 24px;\"><\/div>\n        <\/div>\n    <\/div>\n    \n<div class=\"kksr-stars-active\" style=\"width: 0px;\">\n            <div class=\"kksr-star\" style=\"padding-right: 5px\">\n            \n\n<div class=\"kksr-icon\" style=\"width: 24px; height: 24px;\"><\/div>\n        <\/div>\n            <div class=\"kksr-star\" style=\"padding-right: 5px\">\n            \n\n<div class=\"kksr-icon\" style=\"width: 24px; height: 24px;\"><\/div>\n        <\/div>\n            <div class=\"kksr-star\" style=\"padding-right: 5px\">\n            \n\n<div class=\"kksr-icon\" style=\"width: 24px; height: 24px;\"><\/div>\n        <\/div>\n            <div class=\"kksr-star\" style=\"padding-right: 5px\">\n            \n\n<div class=\"kksr-icon\" style=\"width: 24px; height: 24px;\"><\/div>\n        <\/div>\n            <div class=\"kksr-star\" style=\"padding-right: 5px\">\n            \n\n<div class=\"kksr-icon\" style=\"width: 24px; height: 24px;\"><\/div>\n        <\/div>\n    <\/div>\n<\/div>\n                \n\n<div class=\"kksr-legend\" style=\"font-size: 19.2px;\">\n            <span class=\"kksr-muted\">Rate this post<\/span>\n    <\/div>\n    <\/div>\n<h2>Affaire for Life 2025: de grote veiling ter ondersteuning van Viva for Life<\/h2>\n<p>Dit jaar vindt in Brussel de 4e editie plaats van Affaire for Life, een evenement dat een passie voor veilen combineert met een engagement voor sociale verantwoordelijkheid. Op 29 november opent het H\u00f4tel de Ville zijn deuren voor 15 kopers van het Affaire conclue programma ter ondersteuning van Viva for Life, dat strijdt tegen kinderarmoede in de Federatie Walloni\u00eb-Brussel. Voor het eerst zullen Julia Vignali en Harold Hessel deelnemen aan de campagne.  <\/p>\n<h2>Een hybride concept dat entertainment en solidariteit combineert<\/h2>\n<p>Affaire for Life ontleent zijn originaliteit aan het samengaan van twee werelden: die van het televisieprogramma Affaire conclue, waarin kopers antieke voorwerpen taxeren en verwerven, en die van Viva for Life, het paradepaardje van de RTBF op het gebied van liefdadigheid. Concreet bieden de deelnemers op goederen die door de schenkers zijn geschonken, in plaats van alleen maar te schenken. Met elke hamer die klinkt, groeit de pot, in directe concurrentie met het enthousiasme van het publiek. In de praktijk verandert deze opzet een liefdadigheidsactie in een echt spektakel, wat de populaire aantrekkingskracht van het goede doel versterkt.   <\/p>\n<p>Sinds de lancering is het de missie van Viva for Life om aandacht te vragen voor het dagelijks leven van kinderen van 0 tot 6 jaar die onder de armoedegrens leven. De editie 2024 van Affaire for Life bracht 57.000 euro op, een resultaat dat de aantrekkingskracht van het model bevestigt. Op de lange termijn cre\u00ebert dit mechanisme een virtueuze cirkel: kijkers ontdekken de show, zetten zich in voor een goed doel en vertrekken met de voldoening dat ze een bijdrage hebben geleverd en een uniek object hebben gevonden.  <\/p>\n<h2>Een prestigieuze omgeving, een symbool?<\/h2>\n<p>Het stadhuis van Brussel, een gotisch juweel op de Grote Markt, biedt een onge\u00ebvenaard decor voor het evenement. Sommige waarnemers vragen zich echter af wat het contrast is tussen dit luxueuze kader en de strijd tegen armoede. Bieden voor een sociaal doel in zo&#8217;n luxueus kader kan paradoxaal lijken, aangezien de toegang tot cultuur en goederen juist voor de meest kansarmen steeds beperkter wordt.  <\/p>\n<p>De keuze van de locatie had echter een tweeledig doel: maximale zichtbaarheid geven aan de actie en een gevarieerd publiek aantrekken. Praktisch gezien versterkt de enscenering het goede doel en onderstreept tegelijkertijd het belang dat de lokale autoriteiten eraan hechten. Ter vergelijking: andere liefdadigheidsinitiatieven kiezen voor bescheidener locaties, maar verliezen aan media-impact. Hier werkt prestige als een versterker voor de sociale boodschap.   <\/p>\n<h2>Fondsenwerving: cijfers en uitdagingen<\/h2>\n<p>Nu bijna 15% van de kinderen in de Federatie Walloni\u00eb-Brussel in armoede leeft, telt elke euro. In 2024 verhoogde de verkoop het prijzengeld tot 57.000 euro. Dit jaar hopen de organisatoren nieuwe wegen in te slaan dankzij de inzet van mediaster Julia Vignali en gerenommeerd veilingmeester Harold Hessel. In de praktijk bestrijken de te veilen items een breed spectrum: schilderijen, antieke meubels, exclusieve ervaringen zoals een gastronomisch weekend of een priv\u00e9bezoek aan een museum.   <\/p>\n<p>Om transparantie te garanderen, specificeert Viva for Life wat er met de fondsen gebeurt: ze worden verdeeld over verschillende verenigingen die werken met jonge kinderen en hun families. De complexiteit van de sociale interventieketen kan echter de perceptie van de echte impact vertroebelen. Op lange termijn blijft het van cruciaal belang om niet alleen het ingezamelde bedrag te meten, maar ook de evolutie van de verdeelde hulp en de doeltreffendheid ervan op het terrein.  <\/p>\n<h2>Nieuwe gezichten en een eerbetoon aan Glorian Kabongo<\/h2>\n<p>Deze editie is de eerste keer dat presentatrice Julia Vignali en veilingmeester Harold Hessel meedoen. Dankzij hun bekendheid trokken ze een nieuw publiek en stimuleerden ze de veilingen. Tegelijkertijd zal het 15-koppige team van kopers van Affaire conclue de zaak blijven verdedigen. Elk gezicht brengt zijn of haar eigen stijl in de show, waarbij sommigen zich richten op humor en anderen op technische expertise.   <\/p>\n<p>In het hart van het evenement zal een levendig eerbetoon worden gebracht aan Glorian Kabongo, een trouwe deelnemer die op 19 februari overleed. Glorian belichaamde de combinatie van een passie voor objecten en vrijgevigheid. Volgens verschillende kopers laat zijn afwezigheid een leegte achter, maar moedigt hij hen aan om het werk dat hij sinds de eerste editie ondersteunde voort te zetten. Praktisch gezien zullen een gedenkplaat en een spreekgestoelte dienen als herinnering aan zijn inzet en het menselijke en collectieve aspect van het evenement benadrukken.   <\/p>\n<h2>Veilingen en veilingen: gevolgen en vooruitzichten<\/h2>\n<p>Affaire for Life maakt deel uit van een bredere campagne om armoede onder kinderen te bestrijden. In december vindt de 13e editie van Viva for Life plaats in Seraing, met een zeven dagen durende radiomarathon om het grote publiek te mobiliseren. Ter vergelijking, de Brusselse verkoop is geconcentreerd op een korte maar intensieve periode, met de nadruk op entertainment en de zeldzaamheid van de aangeboden items.  <\/p>\n<p>Er blijven echter een aantal vragen over: is het aantal bezoekers van het stadhuis nog steeds voldoende om de kring van donoren te verbreden? Kunnen priv\u00e9-initiatieven effectief de leemtes opvullen die door het overheidsbeleid zijn ontstaan? Uiteindelijk zal de uitdaging erin bestaan om deze hefbomen te combineren om een blijvende steun voor de begunstigde verenigingen te garanderen. Praktisch gezien zouden partnerschappen met lokale overheden, lokale bedrijven en sociale instellingen het bereik van Viva for Life kunnen vergroten, en er tegelijkertijd voor kunnen zorgen dat de middelen niet alleen in de schijnwerpers van de media staan.   <\/p>\n<p>Kortom, de editie 2025 van Affaire for Life wil een nieuw niveau bereiken dankzij de alchemie van entertainment, media-engagement en solidariteit. Het succes van deze verkoop zal dienen als barometer voor de capaciteit van de Belgische culturele en audiovisuele sector om concreet te reageren op de uitdagingen van kinderarmoede. <\/p>\n","protected":false},"excerpt":{"rendered":"<p>Affaire for Life 2025: de grote veiling ter ondersteuning van Viva for Life Dit jaar vindt in Brussel de 4e editie plaats van Affaire for Life, een evenement dat een passie voor veilen combineert met een engagement voor sociale verantwoordelijkheid. Op 29 november opent het H\u00f4tel de Ville zijn deuren voor 15 kopers van het [&hellip;]<\/p>\n","protected":false},"author":14,"featured_media":0,"comment_status":"closed","ping_status":"closed","sticky":false,"template":"","format":"standard","meta":{"_et_pb_use_builder":"","_et_pb_old_content":"","_et_gb_content_width":"","_jetpack_memberships_contains_paid_content":false,"footnotes":""},"categories":[288],"tags":[],"class_list":["post-9996","post","type-post","status-publish","format-standard","hentry","category-nieuws-brussel"],"yoast_head":"<!-- This site is optimized with the Yoast SEO plugin v27.5 - https:\/\/yoast.com\/product\/yoast-seo-wordpress\/ -->\n<title>Schrijf je in voor Affaire for Life 2025 in Brussel met Julia Vignali en 15 Affaire conclue kopers - Information-bruxelles.be<\/title>\n<meta name=\"robots\" content=\"index, follow, max-snippet:-1, max-image-preview:large, max-video-preview:-1\" \/>\n<link rel=\"canonical\" href=\"https:\/\/www.information-bruxelles.be\/nl\/schrijf-je-in-voor-affaire-for-life-2025-in-brussel-met-julia-vignali-en-15-affaire-conclue-kopers\/\" \/>\n<meta property=\"og:locale\" content=\"nl_NL\" \/>\n<meta property=\"og:type\" content=\"article\" \/>\n<meta property=\"og:title\" content=\"Schrijf je in voor Affaire for Life 2025 in Brussel met Julia Vignali en 15 Affaire conclue kopers - Information-bruxelles.be\" \/>\n<meta property=\"og:description\" content=\"Affaire for Life 2025: de grote veiling ter ondersteuning van Viva for Life Dit jaar vindt in Brussel de 4e editie plaats van Affaire for Life, een evenement dat een passie voor veilen combineert met een engagement voor sociale verantwoordelijkheid. Op 29 november opent het H\u00f4tel de Ville zijn deuren voor 15 kopers van het [&hellip;]\" \/>\n<meta property=\"og:url\" content=\"https:\/\/www.information-bruxelles.be\/nl\/schrijf-je-in-voor-affaire-for-life-2025-in-brussel-met-julia-vignali-en-15-affaire-conclue-kopers\/\" \/>\n<meta property=\"og:site_name\" content=\"Information-bruxelles.be\" \/>\n<meta property=\"article:published_time\" content=\"2025-11-27T08:31:06+00:00\" \/>\n<meta name=\"author\" content=\"Olivier Meynaerts\" \/>\n<meta name=\"twitter:card\" content=\"summary_large_image\" \/>\n<meta name=\"twitter:label1\" content=\"Geschreven door\" \/>\n\t<meta name=\"twitter:data1\" content=\"Olivier Meynaerts\" \/>\n\t<meta name=\"twitter:label2\" content=\"Geschatte leestijd\" \/>\n\t<meta name=\"twitter:data2\" content=\"5 minuten\" \/>\n<script type=\"application\/ld+json\" class=\"yoast-schema-graph\">{\"@context\":\"https:\\\/\\\/schema.org\",\"@graph\":[{\"@type\":\"Article\",\"@id\":\"https:\\\/\\\/www.information-bruxelles.be\\\/nl\\\/schrijf-je-in-voor-affaire-for-life-2025-in-brussel-met-julia-vignali-en-15-affaire-conclue-kopers\\\/#article\",\"isPartOf\":{\"@id\":\"https:\\\/\\\/www.information-bruxelles.be\\\/nl\\\/schrijf-je-in-voor-affaire-for-life-2025-in-brussel-met-julia-vignali-en-15-affaire-conclue-kopers\\\/\"},\"author\":{\"name\":\"Olivier Meynaerts\",\"@id\":\"https:\\\/\\\/www.information-bruxelles.be\\\/nl\\\/#\\\/schema\\\/person\\\/8efd13a6ea16e6e4855480348ab7dfac\"},\"headline\":\"Schrijf je in voor Affaire for Life 2025 in Brussel met Julia Vignali en 15 Affaire conclue kopers\",\"datePublished\":\"2025-11-27T08:31:06+00:00\",\"mainEntityOfPage\":{\"@id\":\"https:\\\/\\\/www.information-bruxelles.be\\\/nl\\\/schrijf-je-in-voor-affaire-for-life-2025-in-brussel-met-julia-vignali-en-15-affaire-conclue-kopers\\\/\"},\"wordCount\":948,\"publisher\":{\"@id\":\"https:\\\/\\\/www.information-bruxelles.be\\\/nl\\\/#organization\"},\"articleSection\":[\"Nieuws Brussel\"],\"inLanguage\":\"nl-NL\"},{\"@type\":\"WebPage\",\"@id\":\"https:\\\/\\\/www.information-bruxelles.be\\\/nl\\\/schrijf-je-in-voor-affaire-for-life-2025-in-brussel-met-julia-vignali-en-15-affaire-conclue-kopers\\\/\",\"url\":\"https:\\\/\\\/www.information-bruxelles.be\\\/nl\\\/schrijf-je-in-voor-affaire-for-life-2025-in-brussel-met-julia-vignali-en-15-affaire-conclue-kopers\\\/\",\"name\":\"Schrijf je in voor Affaire for Life 2025 in Brussel met Julia Vignali en 15 Affaire conclue kopers - Information-bruxelles.be\",\"isPartOf\":{\"@id\":\"https:\\\/\\\/www.information-bruxelles.be\\\/nl\\\/#website\"},\"datePublished\":\"2025-11-27T08:31:06+00:00\",\"breadcrumb\":{\"@id\":\"https:\\\/\\\/www.information-bruxelles.be\\\/nl\\\/schrijf-je-in-voor-affaire-for-life-2025-in-brussel-met-julia-vignali-en-15-affaire-conclue-kopers\\\/#breadcrumb\"},\"inLanguage\":\"nl-NL\",\"potentialAction\":[{\"@type\":\"ReadAction\",\"target\":[\"https:\\\/\\\/www.information-bruxelles.be\\\/nl\\\/schrijf-je-in-voor-affaire-for-life-2025-in-brussel-met-julia-vignali-en-15-affaire-conclue-kopers\\\/\"]}]},{\"@type\":\"BreadcrumbList\",\"@id\":\"https:\\\/\\\/www.information-bruxelles.be\\\/nl\\\/schrijf-je-in-voor-affaire-for-life-2025-in-brussel-met-julia-vignali-en-15-affaire-conclue-kopers\\\/#breadcrumb\",\"itemListElement\":[{\"@type\":\"ListItem\",\"position\":1,\"name\":\"Accueil\",\"item\":\"https:\\\/\\\/www.information-bruxelles.be\\\/nl\\\/\"},{\"@type\":\"ListItem\",\"position\":2,\"name\":\"Ongecategoriseerd\",\"item\":\"https:\\\/\\\/www.information-bruxelles.be\\\/nl\\\/category\\\/ongecategoriseerd\\\/\"},{\"@type\":\"ListItem\",\"position\":3,\"name\":\"Schrijf je in voor Affaire for Life 2025 in Brussel met Julia Vignali en 15 Affaire conclue kopers\"}]},{\"@type\":\"WebSite\",\"@id\":\"https:\\\/\\\/www.information-bruxelles.be\\\/nl\\\/#website\",\"url\":\"https:\\\/\\\/www.information-bruxelles.be\\\/nl\\\/\",\"name\":\"Information-bruxelles.be\",\"description\":\"Le blog conseil survivaliste\",\"publisher\":{\"@id\":\"https:\\\/\\\/www.information-bruxelles.be\\\/nl\\\/#organization\"},\"potentialAction\":[{\"@type\":\"SearchAction\",\"target\":{\"@type\":\"EntryPoint\",\"urlTemplate\":\"https:\\\/\\\/www.information-bruxelles.be\\\/nl\\\/?s={search_term_string}\"},\"query-input\":{\"@type\":\"PropertyValueSpecification\",\"valueRequired\":true,\"valueName\":\"search_term_string\"}}],\"inLanguage\":\"nl-NL\"},{\"@type\":\"Organization\",\"@id\":\"https:\\\/\\\/www.information-bruxelles.be\\\/nl\\\/#organization\",\"name\":\"Information-bruxelles.be\",\"url\":\"https:\\\/\\\/www.information-bruxelles.be\\\/nl\\\/\",\"logo\":{\"@type\":\"ImageObject\",\"inLanguage\":\"nl-NL\",\"@id\":\"https:\\\/\\\/www.information-bruxelles.be\\\/nl\\\/#\\\/schema\\\/logo\\\/image\\\/\",\"url\":\"\",\"contentUrl\":\"\",\"caption\":\"Information-bruxelles.be\"},\"image\":{\"@id\":\"https:\\\/\\\/www.information-bruxelles.be\\\/nl\\\/#\\\/schema\\\/logo\\\/image\\\/\"}},{\"@type\":\"Person\",\"@id\":\"https:\\\/\\\/www.information-bruxelles.be\\\/nl\\\/#\\\/schema\\\/person\\\/8efd13a6ea16e6e4855480348ab7dfac\",\"name\":\"Olivier Meynaerts\",\"description\":\"Olivier Meynaerts est un \u00e9ditorialiste aguerri avec une exp\u00e9rience dans le domaine de l\u2019analyse et de la critique. Reconnu pour sa capacit\u00e9 \u00e0 interpr\u00e9ter l\u2019actualit\u00e9 avec perspicacit\u00e9, il offre des perspectives \u00e9clair\u00e9es et provocantes. Sa plume incisive et son engagement envers une information de qualit\u00e9 font de lui un leader d\u2019opinion respect\u00e9, guidant notre \u00e9quipe avec d\u00e9termination.\",\"url\":\"https:\\\/\\\/www.information-bruxelles.be\\\/nl\\\/author\\\/olivier-meynaerts\\\/\"}]}<\/script>\n<!-- \/ Yoast SEO plugin. -->","yoast_head_json":{"title":"Schrijf je in voor Affaire for Life 2025 in Brussel met Julia Vignali en 15 Affaire conclue kopers - Information-bruxelles.be","robots":{"index":"index","follow":"follow","max-snippet":"max-snippet:-1","max-image-preview":"max-image-preview:large","max-video-preview":"max-video-preview:-1"},"canonical":"https:\/\/www.information-bruxelles.be\/nl\/schrijf-je-in-voor-affaire-for-life-2025-in-brussel-met-julia-vignali-en-15-affaire-conclue-kopers\/","og_locale":"nl_NL","og_type":"article","og_title":"Schrijf je in voor Affaire for Life 2025 in Brussel met Julia Vignali en 15 Affaire conclue kopers - Information-bruxelles.be","og_description":"Affaire for Life 2025: de grote veiling ter ondersteuning van Viva for Life Dit jaar vindt in Brussel de 4e editie plaats van Affaire for Life, een evenement dat een passie voor veilen combineert met een engagement voor sociale verantwoordelijkheid. Op 29 november opent het H\u00f4tel de Ville zijn deuren voor 15 kopers van het [&hellip;]","og_url":"https:\/\/www.information-bruxelles.be\/nl\/schrijf-je-in-voor-affaire-for-life-2025-in-brussel-met-julia-vignali-en-15-affaire-conclue-kopers\/","og_site_name":"Information-bruxelles.be","article_published_time":"2025-11-27T08:31:06+00:00","author":"Olivier Meynaerts","twitter_card":"summary_large_image","twitter_misc":{"Geschreven door":"Olivier Meynaerts","Geschatte leestijd":"5 minuten"},"schema":{"@context":"https:\/\/schema.org","@graph":[{"@type":"Article","@id":"https:\/\/www.information-bruxelles.be\/nl\/schrijf-je-in-voor-affaire-for-life-2025-in-brussel-met-julia-vignali-en-15-affaire-conclue-kopers\/#article","isPartOf":{"@id":"https:\/\/www.information-bruxelles.be\/nl\/schrijf-je-in-voor-affaire-for-life-2025-in-brussel-met-julia-vignali-en-15-affaire-conclue-kopers\/"},"author":{"name":"Olivier Meynaerts","@id":"https:\/\/www.information-bruxelles.be\/nl\/#\/schema\/person\/8efd13a6ea16e6e4855480348ab7dfac"},"headline":"Schrijf je in voor Affaire for Life 2025 in Brussel met Julia Vignali en 15 Affaire conclue kopers","datePublished":"2025-11-27T08:31:06+00:00","mainEntityOfPage":{"@id":"https:\/\/www.information-bruxelles.be\/nl\/schrijf-je-in-voor-affaire-for-life-2025-in-brussel-met-julia-vignali-en-15-affaire-conclue-kopers\/"},"wordCount":948,"publisher":{"@id":"https:\/\/www.information-bruxelles.be\/nl\/#organization"},"articleSection":["Nieuws Brussel"],"inLanguage":"nl-NL"},{"@type":"WebPage","@id":"https:\/\/www.information-bruxelles.be\/nl\/schrijf-je-in-voor-affaire-for-life-2025-in-brussel-met-julia-vignali-en-15-affaire-conclue-kopers\/","url":"https:\/\/www.information-bruxelles.be\/nl\/schrijf-je-in-voor-affaire-for-life-2025-in-brussel-met-julia-vignali-en-15-affaire-conclue-kopers\/","name":"Schrijf je in voor Affaire for Life 2025 in Brussel met Julia Vignali en 15 Affaire conclue kopers - Information-bruxelles.be","isPartOf":{"@id":"https:\/\/www.information-bruxelles.be\/nl\/#website"},"datePublished":"2025-11-27T08:31:06+00:00","breadcrumb":{"@id":"https:\/\/www.information-bruxelles.be\/nl\/schrijf-je-in-voor-affaire-for-life-2025-in-brussel-met-julia-vignali-en-15-affaire-conclue-kopers\/#breadcrumb"},"inLanguage":"nl-NL","potentialAction":[{"@type":"ReadAction","target":["https:\/\/www.information-bruxelles.be\/nl\/schrijf-je-in-voor-affaire-for-life-2025-in-brussel-met-julia-vignali-en-15-affaire-conclue-kopers\/"]}]},{"@type":"BreadcrumbList","@id":"https:\/\/www.information-bruxelles.be\/nl\/schrijf-je-in-voor-affaire-for-life-2025-in-brussel-met-julia-vignali-en-15-affaire-conclue-kopers\/#breadcrumb","itemListElement":[{"@type":"ListItem","position":1,"name":"Accueil","item":"https:\/\/www.information-bruxelles.be\/nl\/"},{"@type":"ListItem","position":2,"name":"Ongecategoriseerd","item":"https:\/\/www.information-bruxelles.be\/nl\/category\/ongecategoriseerd\/"},{"@type":"ListItem","position":3,"name":"Schrijf je in voor Affaire for Life 2025 in Brussel met Julia Vignali en 15 Affaire conclue kopers"}]},{"@type":"WebSite","@id":"https:\/\/www.information-bruxelles.be\/nl\/#website","url":"https:\/\/www.information-bruxelles.be\/nl\/","name":"Information-bruxelles.be","description":"Le blog conseil survivaliste","publisher":{"@id":"https:\/\/www.information-bruxelles.be\/nl\/#organization"},"potentialAction":[{"@type":"SearchAction","target":{"@type":"EntryPoint","urlTemplate":"https:\/\/www.information-bruxelles.be\/nl\/?s={search_term_string}"},"query-input":{"@type":"PropertyValueSpecification","valueRequired":true,"valueName":"search_term_string"}}],"inLanguage":"nl-NL"},{"@type":"Organization","@id":"https:\/\/www.information-bruxelles.be\/nl\/#organization","name":"Information-bruxelles.be","url":"https:\/\/www.information-bruxelles.be\/nl\/","logo":{"@type":"ImageObject","inLanguage":"nl-NL","@id":"https:\/\/www.information-bruxelles.be\/nl\/#\/schema\/logo\/image\/","url":"","contentUrl":"","caption":"Information-bruxelles.be"},"image":{"@id":"https:\/\/www.information-bruxelles.be\/nl\/#\/schema\/logo\/image\/"}},{"@type":"Person","@id":"https:\/\/www.information-bruxelles.be\/nl\/#\/schema\/person\/8efd13a6ea16e6e4855480348ab7dfac","name":"Olivier Meynaerts","description":"Olivier Meynaerts est un \u00e9ditorialiste aguerri avec une exp\u00e9rience dans le domaine de l\u2019analyse et de la critique. Reconnu pour sa capacit\u00e9 \u00e0 interpr\u00e9ter l\u2019actualit\u00e9 avec perspicacit\u00e9, il offre des perspectives \u00e9clair\u00e9es et provocantes. Sa plume incisive et son engagement envers une information de qualit\u00e9 font de lui un leader d\u2019opinion respect\u00e9, guidant notre \u00e9quipe avec d\u00e9termination.","url":"https:\/\/www.information-bruxelles.be\/nl\/author\/olivier-meynaerts\/"}]}},"jetpack_featured_media_url":"","jetpack_sharing_enabled":true,"_links":{"self":[{"href":"https:\/\/www.information-bruxelles.be\/nl\/wp-json\/wp\/v2\/posts\/9996","targetHints":{"allow":["GET"]}}],"collection":[{"href":"https:\/\/www.information-bruxelles.be\/nl\/wp-json\/wp\/v2\/posts"}],"about":[{"href":"https:\/\/www.information-bruxelles.be\/nl\/wp-json\/wp\/v2\/types\/post"}],"author":[{"embeddable":true,"href":"https:\/\/www.information-bruxelles.be\/nl\/wp-json\/wp\/v2\/users\/14"}],"replies":[{"embeddable":true,"href":"https:\/\/www.information-bruxelles.be\/nl\/wp-json\/wp\/v2\/comments?post=9996"}],"version-history":[{"count":0,"href":"https:\/\/www.information-bruxelles.be\/nl\/wp-json\/wp\/v2\/posts\/9996\/revisions"}],"wp:attachment":[{"href":"https:\/\/www.information-bruxelles.be\/nl\/wp-json\/wp\/v2\/media?parent=9996"}],"wp:term":[{"taxonomy":"category","embeddable":true,"href":"https:\/\/www.information-bruxelles.be\/nl\/wp-json\/wp\/v2\/categories?post=9996"},{"taxonomy":"post_tag","embeddable":true,"href":"https:\/\/www.information-bruxelles.be\/nl\/wp-json\/wp\/v2\/tags?post=9996"}],"curies":[{"name":"wp","href":"https:\/\/api.w.org\/{rel}","templated":true}]}}