{"id":9992,"date":"2025-11-18T12:02:24","date_gmt":"2025-11-18T12:02:24","guid":{"rendered":"https:\/\/www.information-bruxelles.be\/herfstevenementen-in-brussel-culturele-feesten-en-eetfestivals\/"},"modified":"2025-11-18T12:02:24","modified_gmt":"2025-11-18T12:02:24","slug":"herfstevenementen-in-brussel-culturele-feesten-en-eetfestivals","status":"publish","type":"post","link":"https:\/\/www.information-bruxelles.be\/nl\/herfstevenementen-in-brussel-culturele-feesten-en-eetfestivals\/","title":{"rendered":"Herfstevenementen in Brussel: Culturele feesten en eetfestivals"},"content":{"rendered":"\n\n<div class=\"kk-star-ratings kksr-auto kksr-align-left kksr-valign-top\"\n    data-payload='{&quot;align&quot;:&quot;left&quot;,&quot;id&quot;:&quot;9992&quot;,&quot;slug&quot;:&quot;default&quot;,&quot;valign&quot;:&quot;top&quot;,&quot;ignore&quot;:&quot;&quot;,&quot;reference&quot;:&quot;auto&quot;,&quot;class&quot;:&quot;&quot;,&quot;count&quot;:&quot;0&quot;,&quot;legendonly&quot;:&quot;&quot;,&quot;readonly&quot;:&quot;&quot;,&quot;score&quot;:&quot;0&quot;,&quot;starsonly&quot;:&quot;&quot;,&quot;best&quot;:&quot;5&quot;,&quot;gap&quot;:&quot;5&quot;,&quot;greet&quot;:&quot;Rate this post&quot;,&quot;legend&quot;:&quot;0\\\/5 - (0 stemmen)&quot;,&quot;size&quot;:&quot;24&quot;,&quot;title&quot;:&quot;Herfstevenementen in Brussel: Culturele feesten en eetfestivals&quot;,&quot;width&quot;:&quot;0&quot;,&quot;_legend&quot;:&quot;{score}\\\/{best} - ({count} {votes})&quot;,&quot;font_factor&quot;:&quot;1.25&quot;}'>\n            \n<div class=\"kksr-stars\">\n    \n<div class=\"kksr-stars-inactive\">\n            <div class=\"kksr-star\" data-star=\"1\" style=\"padding-right: 5px\">\n            \n\n<div class=\"kksr-icon\" style=\"width: 24px; height: 24px;\"><\/div>\n        <\/div>\n            <div class=\"kksr-star\" data-star=\"2\" style=\"padding-right: 5px\">\n            \n\n<div class=\"kksr-icon\" style=\"width: 24px; height: 24px;\"><\/div>\n        <\/div>\n            <div class=\"kksr-star\" data-star=\"3\" style=\"padding-right: 5px\">\n            \n\n<div class=\"kksr-icon\" style=\"width: 24px; height: 24px;\"><\/div>\n        <\/div>\n            <div class=\"kksr-star\" data-star=\"4\" style=\"padding-right: 5px\">\n            \n\n<div class=\"kksr-icon\" style=\"width: 24px; height: 24px;\"><\/div>\n        <\/div>\n            <div class=\"kksr-star\" data-star=\"5\" style=\"padding-right: 5px\">\n            \n\n<div class=\"kksr-icon\" style=\"width: 24px; height: 24px;\"><\/div>\n        <\/div>\n    <\/div>\n    \n<div class=\"kksr-stars-active\" style=\"width: 0px;\">\n            <div class=\"kksr-star\" style=\"padding-right: 5px\">\n            \n\n<div class=\"kksr-icon\" style=\"width: 24px; height: 24px;\"><\/div>\n        <\/div>\n            <div class=\"kksr-star\" style=\"padding-right: 5px\">\n            \n\n<div class=\"kksr-icon\" style=\"width: 24px; height: 24px;\"><\/div>\n        <\/div>\n            <div class=\"kksr-star\" style=\"padding-right: 5px\">\n            \n\n<div class=\"kksr-icon\" style=\"width: 24px; height: 24px;\"><\/div>\n        <\/div>\n            <div class=\"kksr-star\" style=\"padding-right: 5px\">\n            \n\n<div class=\"kksr-icon\" style=\"width: 24px; height: 24px;\"><\/div>\n        <\/div>\n            <div class=\"kksr-star\" style=\"padding-right: 5px\">\n            \n\n<div class=\"kksr-icon\" style=\"width: 24px; height: 24px;\"><\/div>\n        <\/div>\n    <\/div>\n<\/div>\n                \n\n<div class=\"kksr-legend\" style=\"font-size: 19.2px;\">\n            <span class=\"kksr-muted\">Rate this post<\/span>\n    <\/div>\n    <\/div>\n<p data-start=\"212\" data-end=\"703\">De herfst in Brussel is een seizoen rijk aan culturele en gastronomische evenementen. De stad bereidt zich voor op het koelere weer en biedt een groot aantal festivals, feesten en <strong data-start=\"433\" data-end=\"444\">markten<\/strong> om de laatste zonnige dagen optimaal te benutten. De herfst, met zijn warme kleuren en korter wordende dagen, is de perfecte tijd om een verscheidenheid aan evenementen te ontdekken, die <strong data-start=\"647\" data-end=\"658\">cultuur<\/strong>, <strong data-start=\"660\" data-end=\"675\">gastronomie<\/strong> en <strong data-start=\"679\" data-end=\"702\">artistieke creatie<\/strong> combineren.  <\/p>\n<p data-start=\"705\" data-end=\"1035\">September markeert vaak het begin van het nieuwe schooljaar, maar het is ook de tijd van het jaar voor een heleboel evenementen in de stad. Van <strong data-start=\"825\" data-end=\"848\">filmfestivals<\/strong> tot <strong data-start=\"853\" data-end=\"876\">eetfestivals<\/strong> en van <strong data-start=\"897\" data-end=\"923\">kunstevenementen<\/strong> tot <strong data-start=\"931\" data-end=\"956\">traditionele feesten<\/strong>, de herfst in Brussel is een tijd waarin cultuur en gezelligheid in elkaar overlopen. <\/p>\n<h2 data-start=\"1037\" data-end=\"1098\"><strong data-start=\"1040\" data-end=\"1098\">Brussels Film Festival: een ontmoetingsplaats voor filmliefhebbers<\/strong><\/h2>\n<p data-start=\"1100\" data-end=\"1582\">Het <strong data-start=\"1103\" data-end=\"1129\">Brussels Film Festival<\/strong> is een van de belangrijkste najaarsevenementen in Brussel. Het festival zet de <strong data-start=\"1218\" data-end=\"1237\">Europese cinema<\/strong> in de kijker en trekt elk jaar filmmakers, <strong data-start=\"1280\" data-end=\"1296\">regisseurs<\/strong> en filmliefhebbers van over het hele continent aan. Elke editie is een gelegenheid om vernieuwende films te ontdekken, <strong data-start=\"1447\" data-end=\"1466\">previews<\/strong> bij te wonen en te genieten van speciale screenings in de iconische locaties van de stad, zoals <strong data-start=\"1558\" data-end=\"1567\">Bozar<\/strong> en <strong data-start=\"1571\" data-end=\"1581\">Flagey<\/strong>.  <\/p>\n<p data-start=\"1584\" data-end=\"1874\">De vertoonde films bestrijken een breed scala aan genres, van <strong data-start=\"1645\" data-end=\"1654\">drama<\/strong> tot <strong data-start=\"1660\" data-end=\"1671\">komedie<\/strong>, maar ook <strong data-start=\"1692\" data-end=\"1709\">documentaires<\/strong> over actuele onderwerpen. Het festival biedt een <strong data-start=\"1760\" data-end=\"1788\">eclectisch programma<\/strong> dat fans van <strong data-start=\"1816\" data-end=\"1838\">onafhankelijke cinema<\/strong> en <strong data-start=\"1845\" data-end=\"1873\">Europese producties<\/strong> aantrekt. <\/p>\n<p data-start=\"1876\" data-end=\"2074\">Het <strong data-start=\"1879\" data-end=\"1905\">Brussels Film Festival<\/strong> biedt ook <strong data-start=\"1922\" data-end=\"1939\">masterclasses<\/strong>, <strong data-start=\"1945\" data-end=\"1978\">ontmoetingen met filmmakers<\/strong> en <strong data-start=\"2002\" data-end=\"2016\">netwerkmogelijkheden<\/strong> voor professionals uit de filmindustrie.<\/p>\n<h2 data-start=\"2076\" data-end=\"2142\"><strong data-start=\"2079\" data-end=\"2142\">Brussels Food Truck Festival: Herfst met een vleugje elders<\/strong><\/h2>\n<p data-start=\"2144\" data-end=\"2492\">Herfst in Brussel is ook synoniem met <strong data-start=\"2188\" data-end=\"2203\">gastronomie<\/strong>. Het <strong data-start=\"2208\" data-end=\"2240\">Brussels Food Truck Festival<\/strong> is een van de populairste gastronomische evenementen van het seizoen. Elk jaar komen <strong data-start=\"2332\" data-end=\"2347\">foodtrucks<\/strong> uit heel Europa samen in het <strong data-start=\"2407\" data-end=\"2433\">Jubelpark<\/strong> om een grote verscheidenheid aan <strong data-start=\"2468\" data-end=\"2491\">culinaire hoogstandjes<\/strong> aan te bieden.  <\/p>\n<p data-start=\"2494\" data-end=\"2845\">Van <strong data-start=\"2498\" data-end=\"2518\">Aziatische gerechten<\/strong> tot <strong data-start=\"2523\" data-end=\"2549\">Mexicaanse specialiteiten<\/strong> en <strong data-start=\"2570\" data-end=\"2588\">Belgische hamburgers<\/strong>, dit festival is een kans om smaken van over de hele wereld te ontdekken. De herfst is de perfecte tijd om <strong data-start=\"2708\" data-end=\"2731\">comfort food<\/strong> en <strong data-start=\"2739\" data-end=\"2764\">seizoensspecialiteiten<\/strong> zoals <strong data-start=\"2775\" data-end=\"2784\">soepen<\/strong>, <strong data-start=\"2790\" data-end=\"2801\">stoofschotels<\/strong> en <strong data-start=\"2809\" data-end=\"2844\">aardappelgerechten<\/strong> te proberen. <\/p>\n<p data-start=\"2847\" data-end=\"3129\">De sfeer is gemoedelijk en bezoekers kunnen ronddwalen tussen de foodtrucks, genieten van de openluchtmuziek en <strong data-start=\"2985\" data-end=\"3014\">ambachtelijke Belgische bieren<\/strong> proeven terwijl ze typische gerechten proeven. Het is een niet te missen evenement voor <strong data-start=\"3098\" data-end=\"3128\">fans van streetfood<\/strong>. <\/p>\n<h2 data-start=\"3131\" data-end=\"3217\"><strong data-start=\"3134\" data-end=\"3217\">Les F\u00eates de la Saint-V\u00e9ronique: een viering van de Brusselse gastronomie<\/strong><\/h2>\n<p data-start=\"3219\" data-end=\"3634\">De <strong data-start=\"3223\" data-end=\"3254\">F\u00eates de la Saint-V\u00e9ronique<\/strong> is een Brusselse traditie die elk najaar plaatsvindt. Dit gastronomische evenement viert de culinaire specialiteiten van de stad Brussel. Het geeft zowel <strong data-start=\"3429\" data-end=\"3442\">inwoners<\/strong> als <strong data-start=\"3446\" data-end=\"3459\">bezoekers<\/strong> de kans om <strong data-start=\"3474\" data-end=\"3492\">typische gerechten<\/strong> uit de Belgische hoofdstad te proeven, zoals <strong data-start=\"3524\" data-end=\"3538\">stoofvlees<\/strong>, <strong data-start=\"3561\" data-end=\"3578\">mosselen met friet<\/strong> en natuurlijk <strong data-start=\"3597\" data-end=\"3608\">wafels<\/strong> en <strong data-start=\"3616\" data-end=\"3633\">Belgische bieren<\/strong>.  <\/p>\n<p data-start=\"3636\" data-end=\"4053\">De F\u00eates de la Saint-V\u00e9ronique worden voornamelijk gehouden op <strong data-start=\"3699\" data-end=\"3721\">Place de la Bourse<\/strong> en trekken veel bezoekers. Het evenement is een kans om de<strong data-start=\"3801\" data-end=\"3823\">culinaire geschiedenis<\/strong> van de stad te ontdekken en te genieten van gerechten bereid door <strong data-start=\"3877\" data-end=\"3893\">lokale chef-koks<\/strong>. Deelnemende <strong data-start=\"3899\" data-end=\"3922\">bars en restaurants<\/strong> bieden <strong data-start=\"3950\" data-end=\"3968\">speciale menu&#8217;s<\/strong> en <strong data-start=\"3976\" data-end=\"4013\">proeverijen van typische producten<\/strong> voor een complete culinaire ervaring.  <\/p>\n<h2 data-start=\"4055\" data-end=\"4133\"><strong data-start=\"4058\" data-end=\"4133\">Bierevenementen: Brussels Weekend en Belgisch bier<\/strong><\/h2>\n<p data-start=\"4135\" data-end=\"4463\">De herfst is het seizoen voor <strong data-start=\"4163\" data-end=\"4185\">bierfestivals<\/strong> in Brussel. Het <strong data-start=\"4202\" data-end=\"4227\">Brussels Beer Weekend<\/strong>, dat elk jaar in september plaatsvindt, is een van de evenementen waar bierliefhebbers het meest naar uitkijken. Het evenement brengt meer dan 50 Belgische <strong data-start=\"4383\" data-end=\"4397\">brouwerijen<\/strong> samen die hun <strong data-start=\"4426\" data-end=\"4448\">ambachtelijke bieren<\/strong> aanbieden aan bezoekers.  <\/p>\n<p data-start=\"4465\" data-end=\"4842\">Het <strong data-start=\"4468\" data-end=\"4493\">Brussels Bierweekend<\/strong> is een gelegenheid om de diversiteit van <strong data-start=\"4539\" data-end=\"4556\">Belgische bieren<\/strong> te ontdekken, van <strong data-start=\"4569\" data-end=\"4588\">witbieren<\/strong> tot <strong data-start=\"4593\" data-end=\"4614\">trappistenbieren<\/strong>, maar ook <strong data-start=\"4635\" data-end=\"4653\">amberkleurige<\/strong> en <strong data-start=\"4657\" data-end=\"4667\">donkere<\/strong> <strong data-start=\"4635\" data-end=\"4653\">bieren<\/strong>. Er worden <strong data-start=\"4673\" data-end=\"4689\">proeverijen<\/strong>, <strong data-start=\"4695\" data-end=\"4707\">workshops<\/strong> en <strong data-start=\"4715\" data-end=\"4730\">lezingen<\/strong> georganiseerd om bezoekers een beter inzicht te geven in de geschiedenis en de productie van Belgisch bier. <\/p>\n<p data-start=\"4844\" data-end=\"5086\">Naast het festival bieden veel bars en brouwerijen in de stad <strong data-start=\"4925\" data-end=\"4948\">speciale bierevenementen<\/strong> aan, waaronder <strong data-start=\"4988\" data-end=\"5015\">proeverijdagen<\/strong> waar je de <strong data-start=\"5046\" data-end=\"5059\">brouwers<\/strong> kunt ontmoeten en hun creaties kunt proeven.<\/p>\n<h2 data-start=\"5088\" data-end=\"5156\"><strong data-start=\"5091\" data-end=\"5156\">Het Comics Festival: de kunst van het stripverhaal in Brussel<\/strong><\/h2>\n<p data-start=\"5158\" data-end=\"5521\">Brussel is de wereldhoofdstad van <strong data-start=\"5199\" data-end=\"5217\">het stripverhaal<\/strong> en elk najaar organiseert de stad het <strong data-start=\"5259\" data-end=\"5292\">Festival de la Bande Dessin\u00e9e<\/strong>, een niet te missen evenement voor fans van <strong data-start=\"5339\" data-end=\"5349\">strips<\/strong> en <strong data-start=\"5356\" data-end=\"5374\">stripverhalen<\/strong>. Het festival vindt plaats op verschillende locaties in de stad, waaronder het <strong data-start=\"5443\" data-end=\"5480\">Belgisch Stripcentrum<\/strong> en het <strong data-start=\"5489\" data-end=\"5520\">Maison de la Bande Dessin\u00e9e<\/strong>. <\/p>\n<p data-start=\"5523\" data-end=\"5942\">De <strong data-start=\"5527\" data-end=\"5542\">tentoonstellingen<\/strong> tonen de <strong data-start=\"5564\" data-end=\"5585\">grote stripklassiekers<\/strong>, maar ook <strong data-start=\"5611\" data-end=\"5631\">nieuwe auteurs<\/strong>. <strong data-start=\"5637\" data-end=\"5650\">Tijdens signeersessies<\/strong>, <strong data-start=\"5656\" data-end=\"5688\">ontmoetingen met artiesten<\/strong> en <strong data-start=\"5696\" data-end=\"5717\">creatieve workshops<\/strong> kunnen bezoekers zich onderdompelen in de wereld van het Belgische stripverhaal. Het <strong data-start=\"5800\" data-end=\"5821\">Comics Festival<\/strong> trekt elk jaar duizenden fans en maakt van Brussel een <strong data-start=\"5893\" data-end=\"5912\">cultureel centrum<\/strong> voor alle stripliefhebbers.  <\/p>\n<h2 data-start=\"5944\" data-end=\"6016\"><strong data-start=\"5947\" data-end=\"6016\">Natuurevenementen en herfstwandelingen in Brussel<\/strong><\/h2>\n<p data-start=\"6018\" data-end=\"6241\">De herfst is ook een ideale tijd om de <strong data-start=\"6078\" data-end=\"6088\">natuurlijke<\/strong> schoonheid van Brussel te ontdekken. De <strong data-start=\"6106\" data-end=\"6115\">parken<\/strong> en <strong data-start=\"6119\" data-end=\"6130\">tuinen<\/strong> van de stad krijgen flamboyante kleuren en wandelingen zijn aangenamer in deze tijd van het jaar. <\/p>\n<p data-start=\"6243\" data-end=\"6634\">Het <strong data-start=\"6246\" data-end=\"6272\">Jubelpark<\/strong>, <strong data-start=\"6277\" data-end=\"6298\">Terkamerenbos<\/strong>, <strong data-start=\"6303\" data-end=\"6319\">Leopoldpark<\/strong> en <strong data-start=\"6326\" data-end=\"6347\">Lakenpark<\/strong> bieden prachtige natuurwandelingen met schaduwrijke <strong data-start=\"6412\" data-end=\"6424\">paden<\/strong> en <strong data-start=\"6441\" data-end=\"6465\">picknickplaatsen<\/strong>. De herfst is ook de perfecte tijd om deel te nemen aan <strong data-start=\"6529\" data-end=\"6552\">stadswandelingen<\/strong> of <strong data-start=\"6562\" data-end=\"6581\">rondleidingen<\/strong> door de <strong data-start=\"6596\" data-end=\"6621\">historische wijken<\/strong> van de stad. <\/p>\n","protected":false},"excerpt":{"rendered":"<p>Beleef de herfst in Brussel met filmfestivals, gastronomische evenementen en culturele activiteiten om optimaal van het seizoen te genieten.<\/p>\n","protected":false},"author":13,"featured_media":9891,"comment_status":"closed","ping_status":"closed","sticky":false,"template":"","format":"standard","meta":{"_et_pb_use_builder":"","_et_pb_old_content":"","_et_gb_content_width":"","_jetpack_memberships_contains_paid_content":false,"footnotes":""},"categories":[281,282,284,283],"tags":[],"class_list":["post-9992","post","type-post","status-publish","format-standard","has-post-thumbnail","hentry","category-cultuur-vrije-tijd-in-brussel","category-evenementen","category-gezinsactiviteiten","category-straatvoedsel-markten"],"yoast_head":"<!-- This site is optimized with the Yoast SEO plugin v27.5 - https:\/\/yoast.com\/product\/yoast-seo-wordpress\/ -->\n<title>Herfstevenementen in Brussel - Culturele feesten en eetfestivals<\/title>\n<meta name=\"description\" content=\"Ontdek de must-see najaarsevenementen in Brussel, van filmfestivals tot gastronomische evenementen, om optimaal van het seizoen te genieten.\" \/>\n<meta name=\"robots\" content=\"index, follow, max-snippet:-1, max-image-preview:large, max-video-preview:-1\" \/>\n<link rel=\"canonical\" href=\"https:\/\/www.information-bruxelles.be\/nl\/herfstevenementen-in-brussel-culturele-feesten-en-eetfestivals\/\" \/>\n<meta property=\"og:locale\" content=\"nl_NL\" \/>\n<meta property=\"og:type\" content=\"article\" \/>\n<meta property=\"og:title\" content=\"Herfstevenementen in Brussel - Culturele feesten en eetfestivals\" \/>\n<meta property=\"og:description\" content=\"Ontdek de must-see najaarsevenementen in Brussel, van filmfestivals tot gastronomische evenementen, om optimaal van het seizoen te genieten.\" \/>\n<meta property=\"og:url\" content=\"https:\/\/www.information-bruxelles.be\/nl\/herfstevenementen-in-brussel-culturele-feesten-en-eetfestivals\/\" \/>\n<meta property=\"og:site_name\" content=\"Information-bruxelles.be\" \/>\n<meta property=\"article:published_time\" content=\"2025-11-18T12:02:24+00:00\" \/>\n<meta property=\"og:image\" content=\"https:\/\/www.information-bruxelles.be\/wp-content\/uploads\/2025\/08\/Images-Articles-information-Bruxelles-16.webp\" \/>\n\t<meta property=\"og:image:width\" content=\"1620\" \/>\n\t<meta property=\"og:image:height\" content=\"1080\" \/>\n\t<meta property=\"og:image:type\" content=\"image\/webp\" \/>\n<meta name=\"author\" content=\"Alice Vandendorpe\" \/>\n<meta name=\"twitter:card\" content=\"summary_large_image\" \/>\n<meta name=\"twitter:label1\" content=\"Geschreven door\" \/>\n\t<meta name=\"twitter:data1\" content=\"Alice Vandendorpe\" \/>\n\t<meta name=\"twitter:label2\" content=\"Geschatte leestijd\" \/>\n\t<meta name=\"twitter:data2\" content=\"4 minuten\" \/>\n<script type=\"application\/ld+json\" class=\"yoast-schema-graph\">{\"@context\":\"https:\\\/\\\/schema.org\",\"@graph\":[{\"@type\":\"Article\",\"@id\":\"https:\\\/\\\/www.information-bruxelles.be\\\/nl\\\/herfstevenementen-in-brussel-culturele-feesten-en-eetfestivals\\\/#article\",\"isPartOf\":{\"@id\":\"https:\\\/\\\/www.information-bruxelles.be\\\/nl\\\/herfstevenementen-in-brussel-culturele-feesten-en-eetfestivals\\\/\"},\"author\":{\"name\":\"Alice Vandendorpe\",\"@id\":\"https:\\\/\\\/www.information-bruxelles.be\\\/nl\\\/#\\\/schema\\\/person\\\/98741cc6cca3592ec8c415c6e4e43032\"},\"headline\":\"Herfstevenementen in Brussel: Culturele feesten en eetfestivals\",\"datePublished\":\"2025-11-18T12:02:24+00:00\",\"mainEntityOfPage\":{\"@id\":\"https:\\\/\\\/www.information-bruxelles.be\\\/nl\\\/herfstevenementen-in-brussel-culturele-feesten-en-eetfestivals\\\/\"},\"wordCount\":814,\"publisher\":{\"@id\":\"https:\\\/\\\/www.information-bruxelles.be\\\/nl\\\/#organization\"},\"image\":{\"@id\":\"https:\\\/\\\/www.information-bruxelles.be\\\/nl\\\/herfstevenementen-in-brussel-culturele-feesten-en-eetfestivals\\\/#primaryimage\"},\"thumbnailUrl\":\"https:\\\/\\\/www.information-bruxelles.be\\\/wp-content\\\/uploads\\\/2025\\\/08\\\/Images-Articles-information-Bruxelles-16.webp\",\"articleSection\":[\"Cultuur &amp; vrije tijd in Brussel\",\"evenementen\",\"Gezinsactiviteiten\",\"Straatvoedsel &amp; markten\"],\"inLanguage\":\"nl-NL\"},{\"@type\":\"WebPage\",\"@id\":\"https:\\\/\\\/www.information-bruxelles.be\\\/nl\\\/herfstevenementen-in-brussel-culturele-feesten-en-eetfestivals\\\/\",\"url\":\"https:\\\/\\\/www.information-bruxelles.be\\\/nl\\\/herfstevenementen-in-brussel-culturele-feesten-en-eetfestivals\\\/\",\"name\":\"Herfstevenementen in Brussel - Culturele feesten en eetfestivals\",\"isPartOf\":{\"@id\":\"https:\\\/\\\/www.information-bruxelles.be\\\/nl\\\/#website\"},\"primaryImageOfPage\":{\"@id\":\"https:\\\/\\\/www.information-bruxelles.be\\\/nl\\\/herfstevenementen-in-brussel-culturele-feesten-en-eetfestivals\\\/#primaryimage\"},\"image\":{\"@id\":\"https:\\\/\\\/www.information-bruxelles.be\\\/nl\\\/herfstevenementen-in-brussel-culturele-feesten-en-eetfestivals\\\/#primaryimage\"},\"thumbnailUrl\":\"https:\\\/\\\/www.information-bruxelles.be\\\/wp-content\\\/uploads\\\/2025\\\/08\\\/Images-Articles-information-Bruxelles-16.webp\",\"datePublished\":\"2025-11-18T12:02:24+00:00\",\"description\":\"Ontdek de must-see najaarsevenementen in Brussel, van filmfestivals tot gastronomische evenementen, om optimaal van het seizoen te genieten.\",\"breadcrumb\":{\"@id\":\"https:\\\/\\\/www.information-bruxelles.be\\\/nl\\\/herfstevenementen-in-brussel-culturele-feesten-en-eetfestivals\\\/#breadcrumb\"},\"inLanguage\":\"nl-NL\",\"potentialAction\":[{\"@type\":\"ReadAction\",\"target\":[\"https:\\\/\\\/www.information-bruxelles.be\\\/nl\\\/herfstevenementen-in-brussel-culturele-feesten-en-eetfestivals\\\/\"]}]},{\"@type\":\"ImageObject\",\"inLanguage\":\"nl-NL\",\"@id\":\"https:\\\/\\\/www.information-bruxelles.be\\\/nl\\\/herfstevenementen-in-brussel-culturele-feesten-en-eetfestivals\\\/#primaryimage\",\"url\":\"https:\\\/\\\/www.information-bruxelles.be\\\/wp-content\\\/uploads\\\/2025\\\/08\\\/Images-Articles-information-Bruxelles-16.webp\",\"contentUrl\":\"https:\\\/\\\/www.information-bruxelles.be\\\/wp-content\\\/uploads\\\/2025\\\/08\\\/Images-Articles-information-Bruxelles-16.webp\",\"width\":1620,\"height\":1080},{\"@type\":\"BreadcrumbList\",\"@id\":\"https:\\\/\\\/www.information-bruxelles.be\\\/nl\\\/herfstevenementen-in-brussel-culturele-feesten-en-eetfestivals\\\/#breadcrumb\",\"itemListElement\":[{\"@type\":\"ListItem\",\"position\":1,\"name\":\"Accueil\",\"item\":\"https:\\\/\\\/www.information-bruxelles.be\\\/nl\\\/\"},{\"@type\":\"ListItem\",\"position\":2,\"name\":\"Ongecategoriseerd\",\"item\":\"https:\\\/\\\/www.information-bruxelles.be\\\/nl\\\/category\\\/ongecategoriseerd\\\/\"},{\"@type\":\"ListItem\",\"position\":3,\"name\":\"Herfstevenementen in Brussel: Culturele feesten en eetfestivals\"}]},{\"@type\":\"WebSite\",\"@id\":\"https:\\\/\\\/www.information-bruxelles.be\\\/nl\\\/#website\",\"url\":\"https:\\\/\\\/www.information-bruxelles.be\\\/nl\\\/\",\"name\":\"Information-bruxelles.be\",\"description\":\"Le blog conseil survivaliste\",\"publisher\":{\"@id\":\"https:\\\/\\\/www.information-bruxelles.be\\\/nl\\\/#organization\"},\"potentialAction\":[{\"@type\":\"SearchAction\",\"target\":{\"@type\":\"EntryPoint\",\"urlTemplate\":\"https:\\\/\\\/www.information-bruxelles.be\\\/nl\\\/?s={search_term_string}\"},\"query-input\":{\"@type\":\"PropertyValueSpecification\",\"valueRequired\":true,\"valueName\":\"search_term_string\"}}],\"inLanguage\":\"nl-NL\"},{\"@type\":\"Organization\",\"@id\":\"https:\\\/\\\/www.information-bruxelles.be\\\/nl\\\/#organization\",\"name\":\"Information-bruxelles.be\",\"url\":\"https:\\\/\\\/www.information-bruxelles.be\\\/nl\\\/\",\"logo\":{\"@type\":\"ImageObject\",\"inLanguage\":\"nl-NL\",\"@id\":\"https:\\\/\\\/www.information-bruxelles.be\\\/nl\\\/#\\\/schema\\\/logo\\\/image\\\/\",\"url\":\"\",\"contentUrl\":\"\",\"caption\":\"Information-bruxelles.be\"},\"image\":{\"@id\":\"https:\\\/\\\/www.information-bruxelles.be\\\/nl\\\/#\\\/schema\\\/logo\\\/image\\\/\"}},{\"@type\":\"Person\",\"@id\":\"https:\\\/\\\/www.information-bruxelles.be\\\/nl\\\/#\\\/schema\\\/person\\\/98741cc6cca3592ec8c415c6e4e43032\",\"name\":\"Alice Vandendorpe\",\"description\":\"Alice Vandendorpe est une r\u00e9dactrice chevronn\u00e9e avec plus de 10 ans d'exp\u00e9rience dans le journalisme. Elle excelle dans la cr\u00e9ation de contenus captivants et informatifs, et dirige notre \u00e9quipe avec passion et d\u00e9vouement.\",\"url\":\"https:\\\/\\\/www.information-bruxelles.be\\\/nl\\\/author\\\/alice-vandendorpe\\\/\"}]}<\/script>\n<!-- \/ Yoast SEO plugin. -->","yoast_head_json":{"title":"Herfstevenementen in Brussel - Culturele feesten en eetfestivals","description":"Ontdek de must-see najaarsevenementen in Brussel, van filmfestivals tot gastronomische evenementen, om optimaal van het seizoen te genieten.","robots":{"index":"index","follow":"follow","max-snippet":"max-snippet:-1","max-image-preview":"max-image-preview:large","max-video-preview":"max-video-preview:-1"},"canonical":"https:\/\/www.information-bruxelles.be\/nl\/herfstevenementen-in-brussel-culturele-feesten-en-eetfestivals\/","og_locale":"nl_NL","og_type":"article","og_title":"Herfstevenementen in Brussel - Culturele feesten en eetfestivals","og_description":"Ontdek de must-see najaarsevenementen in Brussel, van filmfestivals tot gastronomische evenementen, om optimaal van het seizoen te genieten.","og_url":"https:\/\/www.information-bruxelles.be\/nl\/herfstevenementen-in-brussel-culturele-feesten-en-eetfestivals\/","og_site_name":"Information-bruxelles.be","article_published_time":"2025-11-18T12:02:24+00:00","og_image":[{"width":1620,"height":1080,"url":"https:\/\/www.information-bruxelles.be\/wp-content\/uploads\/2025\/08\/Images-Articles-information-Bruxelles-16.webp","type":"image\/webp"}],"author":"Alice Vandendorpe","twitter_card":"summary_large_image","twitter_misc":{"Geschreven door":"Alice Vandendorpe","Geschatte leestijd":"4 minuten"},"schema":{"@context":"https:\/\/schema.org","@graph":[{"@type":"Article","@id":"https:\/\/www.information-bruxelles.be\/nl\/herfstevenementen-in-brussel-culturele-feesten-en-eetfestivals\/#article","isPartOf":{"@id":"https:\/\/www.information-bruxelles.be\/nl\/herfstevenementen-in-brussel-culturele-feesten-en-eetfestivals\/"},"author":{"name":"Alice Vandendorpe","@id":"https:\/\/www.information-bruxelles.be\/nl\/#\/schema\/person\/98741cc6cca3592ec8c415c6e4e43032"},"headline":"Herfstevenementen in Brussel: Culturele feesten en eetfestivals","datePublished":"2025-11-18T12:02:24+00:00","mainEntityOfPage":{"@id":"https:\/\/www.information-bruxelles.be\/nl\/herfstevenementen-in-brussel-culturele-feesten-en-eetfestivals\/"},"wordCount":814,"publisher":{"@id":"https:\/\/www.information-bruxelles.be\/nl\/#organization"},"image":{"@id":"https:\/\/www.information-bruxelles.be\/nl\/herfstevenementen-in-brussel-culturele-feesten-en-eetfestivals\/#primaryimage"},"thumbnailUrl":"https:\/\/www.information-bruxelles.be\/wp-content\/uploads\/2025\/08\/Images-Articles-information-Bruxelles-16.webp","articleSection":["Cultuur &amp; vrije tijd in Brussel","evenementen","Gezinsactiviteiten","Straatvoedsel &amp; markten"],"inLanguage":"nl-NL"},{"@type":"WebPage","@id":"https:\/\/www.information-bruxelles.be\/nl\/herfstevenementen-in-brussel-culturele-feesten-en-eetfestivals\/","url":"https:\/\/www.information-bruxelles.be\/nl\/herfstevenementen-in-brussel-culturele-feesten-en-eetfestivals\/","name":"Herfstevenementen in Brussel - Culturele feesten en eetfestivals","isPartOf":{"@id":"https:\/\/www.information-bruxelles.be\/nl\/#website"},"primaryImageOfPage":{"@id":"https:\/\/www.information-bruxelles.be\/nl\/herfstevenementen-in-brussel-culturele-feesten-en-eetfestivals\/#primaryimage"},"image":{"@id":"https:\/\/www.information-bruxelles.be\/nl\/herfstevenementen-in-brussel-culturele-feesten-en-eetfestivals\/#primaryimage"},"thumbnailUrl":"https:\/\/www.information-bruxelles.be\/wp-content\/uploads\/2025\/08\/Images-Articles-information-Bruxelles-16.webp","datePublished":"2025-11-18T12:02:24+00:00","description":"Ontdek de must-see najaarsevenementen in Brussel, van filmfestivals tot gastronomische evenementen, om optimaal van het seizoen te genieten.","breadcrumb":{"@id":"https:\/\/www.information-bruxelles.be\/nl\/herfstevenementen-in-brussel-culturele-feesten-en-eetfestivals\/#breadcrumb"},"inLanguage":"nl-NL","potentialAction":[{"@type":"ReadAction","target":["https:\/\/www.information-bruxelles.be\/nl\/herfstevenementen-in-brussel-culturele-feesten-en-eetfestivals\/"]}]},{"@type":"ImageObject","inLanguage":"nl-NL","@id":"https:\/\/www.information-bruxelles.be\/nl\/herfstevenementen-in-brussel-culturele-feesten-en-eetfestivals\/#primaryimage","url":"https:\/\/www.information-bruxelles.be\/wp-content\/uploads\/2025\/08\/Images-Articles-information-Bruxelles-16.webp","contentUrl":"https:\/\/www.information-bruxelles.be\/wp-content\/uploads\/2025\/08\/Images-Articles-information-Bruxelles-16.webp","width":1620,"height":1080},{"@type":"BreadcrumbList","@id":"https:\/\/www.information-bruxelles.be\/nl\/herfstevenementen-in-brussel-culturele-feesten-en-eetfestivals\/#breadcrumb","itemListElement":[{"@type":"ListItem","position":1,"name":"Accueil","item":"https:\/\/www.information-bruxelles.be\/nl\/"},{"@type":"ListItem","position":2,"name":"Ongecategoriseerd","item":"https:\/\/www.information-bruxelles.be\/nl\/category\/ongecategoriseerd\/"},{"@type":"ListItem","position":3,"name":"Herfstevenementen in Brussel: Culturele feesten en eetfestivals"}]},{"@type":"WebSite","@id":"https:\/\/www.information-bruxelles.be\/nl\/#website","url":"https:\/\/www.information-bruxelles.be\/nl\/","name":"Information-bruxelles.be","description":"Le blog conseil survivaliste","publisher":{"@id":"https:\/\/www.information-bruxelles.be\/nl\/#organization"},"potentialAction":[{"@type":"SearchAction","target":{"@type":"EntryPoint","urlTemplate":"https:\/\/www.information-bruxelles.be\/nl\/?s={search_term_string}"},"query-input":{"@type":"PropertyValueSpecification","valueRequired":true,"valueName":"search_term_string"}}],"inLanguage":"nl-NL"},{"@type":"Organization","@id":"https:\/\/www.information-bruxelles.be\/nl\/#organization","name":"Information-bruxelles.be","url":"https:\/\/www.information-bruxelles.be\/nl\/","logo":{"@type":"ImageObject","inLanguage":"nl-NL","@id":"https:\/\/www.information-bruxelles.be\/nl\/#\/schema\/logo\/image\/","url":"","contentUrl":"","caption":"Information-bruxelles.be"},"image":{"@id":"https:\/\/www.information-bruxelles.be\/nl\/#\/schema\/logo\/image\/"}},{"@type":"Person","@id":"https:\/\/www.information-bruxelles.be\/nl\/#\/schema\/person\/98741cc6cca3592ec8c415c6e4e43032","name":"Alice Vandendorpe","description":"Alice Vandendorpe est une r\u00e9dactrice chevronn\u00e9e avec plus de 10 ans d'exp\u00e9rience dans le journalisme. Elle excelle dans la cr\u00e9ation de contenus captivants et informatifs, et dirige notre \u00e9quipe avec passion et d\u00e9vouement.","url":"https:\/\/www.information-bruxelles.be\/nl\/author\/alice-vandendorpe\/"}]}},"jetpack_featured_media_url":"https:\/\/www.information-bruxelles.be\/wp-content\/uploads\/2025\/08\/Images-Articles-information-Bruxelles-16.webp","jetpack_sharing_enabled":true,"_links":{"self":[{"href":"https:\/\/www.information-bruxelles.be\/nl\/wp-json\/wp\/v2\/posts\/9992","targetHints":{"allow":["GET"]}}],"collection":[{"href":"https:\/\/www.information-bruxelles.be\/nl\/wp-json\/wp\/v2\/posts"}],"about":[{"href":"https:\/\/www.information-bruxelles.be\/nl\/wp-json\/wp\/v2\/types\/post"}],"author":[{"embeddable":true,"href":"https:\/\/www.information-bruxelles.be\/nl\/wp-json\/wp\/v2\/users\/13"}],"replies":[{"embeddable":true,"href":"https:\/\/www.information-bruxelles.be\/nl\/wp-json\/wp\/v2\/comments?post=9992"}],"version-history":[{"count":0,"href":"https:\/\/www.information-bruxelles.be\/nl\/wp-json\/wp\/v2\/posts\/9992\/revisions"}],"wp:featuredmedia":[{"embeddable":true,"href":"https:\/\/www.information-bruxelles.be\/nl\/wp-json\/wp\/v2\/media\/9891"}],"wp:attachment":[{"href":"https:\/\/www.information-bruxelles.be\/nl\/wp-json\/wp\/v2\/media?parent=9992"}],"wp:term":[{"taxonomy":"category","embeddable":true,"href":"https:\/\/www.information-bruxelles.be\/nl\/wp-json\/wp\/v2\/categories?post=9992"},{"taxonomy":"post_tag","embeddable":true,"href":"https:\/\/www.information-bruxelles.be\/nl\/wp-json\/wp\/v2\/tags?post=9992"}],"curies":[{"name":"wp","href":"https:\/\/api.w.org\/{rel}","templated":true}]}}