{"id":10097,"date":"2025-12-11T14:55:52","date_gmt":"2025-12-11T14:55:52","guid":{"rendered":"https:\/\/www.information-bruxelles.be\/erfgoed-kathedraal-saints-michel-et-gudule-viert-800ste-verjaardag\/"},"modified":"2025-12-11T14:55:52","modified_gmt":"2025-12-11T14:55:52","slug":"erfgoed-kathedraal-saints-michel-et-gudule-viert-800ste-verjaardag","status":"publish","type":"post","link":"https:\/\/www.information-bruxelles.be\/nl\/erfgoed-kathedraal-saints-michel-et-gudule-viert-800ste-verjaardag\/","title":{"rendered":"Erfgoed: Kathedraal Saints-Michel-et-Gudule viert 800ste verjaardag"},"content":{"rendered":"\n\n<div class=\"kk-star-ratings kksr-auto kksr-align-left kksr-valign-top\"\n    data-payload='{&quot;align&quot;:&quot;left&quot;,&quot;id&quot;:&quot;10097&quot;,&quot;slug&quot;:&quot;default&quot;,&quot;valign&quot;:&quot;top&quot;,&quot;ignore&quot;:&quot;&quot;,&quot;reference&quot;:&quot;auto&quot;,&quot;class&quot;:&quot;&quot;,&quot;count&quot;:&quot;0&quot;,&quot;legendonly&quot;:&quot;&quot;,&quot;readonly&quot;:&quot;&quot;,&quot;score&quot;:&quot;0&quot;,&quot;starsonly&quot;:&quot;&quot;,&quot;best&quot;:&quot;5&quot;,&quot;gap&quot;:&quot;5&quot;,&quot;greet&quot;:&quot;Rate this post&quot;,&quot;legend&quot;:&quot;0\\\/5 - (0 stemmen)&quot;,&quot;size&quot;:&quot;24&quot;,&quot;title&quot;:&quot;Erfgoed: Kathedraal Saints-Michel-et-Gudule viert 800ste verjaardag&quot;,&quot;width&quot;:&quot;0&quot;,&quot;_legend&quot;:&quot;{score}\\\/{best} - ({count} {votes})&quot;,&quot;font_factor&quot;:&quot;1.25&quot;}'>\n            \n<div class=\"kksr-stars\">\n    \n<div class=\"kksr-stars-inactive\">\n            <div class=\"kksr-star\" data-star=\"1\" style=\"padding-right: 5px\">\n            \n\n<div class=\"kksr-icon\" style=\"width: 24px; height: 24px;\"><\/div>\n        <\/div>\n            <div class=\"kksr-star\" data-star=\"2\" style=\"padding-right: 5px\">\n            \n\n<div class=\"kksr-icon\" style=\"width: 24px; height: 24px;\"><\/div>\n        <\/div>\n            <div class=\"kksr-star\" data-star=\"3\" style=\"padding-right: 5px\">\n            \n\n<div class=\"kksr-icon\" style=\"width: 24px; height: 24px;\"><\/div>\n        <\/div>\n            <div class=\"kksr-star\" data-star=\"4\" style=\"padding-right: 5px\">\n            \n\n<div class=\"kksr-icon\" style=\"width: 24px; height: 24px;\"><\/div>\n        <\/div>\n            <div class=\"kksr-star\" data-star=\"5\" style=\"padding-right: 5px\">\n            \n\n<div class=\"kksr-icon\" style=\"width: 24px; height: 24px;\"><\/div>\n        <\/div>\n    <\/div>\n    \n<div class=\"kksr-stars-active\" style=\"width: 0px;\">\n            <div class=\"kksr-star\" style=\"padding-right: 5px\">\n            \n\n<div class=\"kksr-icon\" style=\"width: 24px; height: 24px;\"><\/div>\n        <\/div>\n            <div class=\"kksr-star\" style=\"padding-right: 5px\">\n            \n\n<div class=\"kksr-icon\" style=\"width: 24px; height: 24px;\"><\/div>\n        <\/div>\n            <div class=\"kksr-star\" style=\"padding-right: 5px\">\n            \n\n<div class=\"kksr-icon\" style=\"width: 24px; height: 24px;\"><\/div>\n        <\/div>\n            <div class=\"kksr-star\" style=\"padding-right: 5px\">\n            \n\n<div class=\"kksr-icon\" style=\"width: 24px; height: 24px;\"><\/div>\n        <\/div>\n            <div class=\"kksr-star\" style=\"padding-right: 5px\">\n            \n\n<div class=\"kksr-icon\" style=\"width: 24px; height: 24px;\"><\/div>\n        <\/div>\n    <\/div>\n<\/div>\n                \n\n<div class=\"kksr-legend\" style=\"font-size: 19.2px;\">\n            <span class=\"kksr-muted\">Rate this post<\/span>\n    <\/div>\n    <\/div>\n<h2>Sint-Michielskathedraal: 800 jaar gotische geschiedenis in hartje Brussel<\/h2>\n<p>In 2026 zal de Sint-Michielskathedraal 800 jaar bestaan sinds het begin van de gotische reconstructie, een mijlpaal die herinnert aan de architecturale en politieke evolutie van Brussel. Concreet is het de bedoeling om een emblematisch monument te vieren dat zowel een plaats van aanbidding en een decor voor grote koninklijke evenementen is, als een levende erfgoedsite die geconfronteerd wordt met de uitdagingen van het behoud. Op lange termijn zou deze herdenking de toeristische aantrekkingskracht kunnen vergroten, terwijl ze ook vragen oproept over financiering en behoud.  <\/p>\n<h2>Van de Merovingische oorsprong tot de <sup>11e-eeuwse<\/sup> collegiale kerk<\/h2>\n<p>Oorspronkelijk stond hier een kleine Romaanse kerk uit de <sup>7e<\/sup> of <sup>8e<\/sup> eeuw, waarvan slechts enkele archeologische overblijfselen zijn overgebleven. In 1047 stichtten graaf Lambert II van Leuven en zijn vrouw Oda een kapittel van twaalf kanunniken en lieten ze de relikwie\u00ebn van Sint-Goedele, die tot dan toe in de kerk van Sint-Gorik werden bewaard, overbrengen naar de voormalige parochie Sint-Michielsgestel. Vanaf deze datum werd het gebouw een collegiale kerk die pelgrims en gelovigen aantrok en haar plaats in het religieuze landschap bevestigde. In de praktijk betekende deze eerste wijding de bevestiging van de macht van de hertogen van Brabant over Brussel en de geboorte van een spiritueel en cultureel centrum dat zou blijven groeien.   <\/p>\n<h2>Brabantse gotiek, tussen bescheidenheid en ambitie<\/h2>\n<p>Rond 1220-1226 werd de kapittelkerk onder impuls van de hertogen van Brabant volledig herbouwd in de gotische stijl ge\u00efnspireerd op de Notre-Dame de Paris. Maar, zoals architect Pierre Terlinden opmerkt, &#8220;wij zijn een zusje van de Notre-Dame: wij hadden beperktere middelen tot onze beschikking, vandaar een minder opzichtig gebouw&#8221;. Concreet pasten de bouwers de principes van hoogte en licht aan een beperktere financi\u00eble context aan, wat resulteerde in een Brabantse gotiek gekenmerkt door strakke lijnen en sobere sculpturale details. Het werk ging door tot in de 15e eeuw en resulteerde in een slank schip geflankeerd door zijbeuken en geflankeerd door twee torens van 69 meter met groene koperen kappen. Uiteindelijk werd deze architectuur een bewijs van de plaatselijke synthese van middeleeuwse strengheid en koninklijke aspiraties.    <\/p>\n<h2>Van de Revolutie tot de kathedraal van de Belgische monarchie<\/h2>\n<p>In de <sup>16e<\/sup> eeuw kwam de collegiale kerk onder het gezag van de aartsbisschop van Mechelen in 1559, waardoor haar religieuze invloed verzekerd was. De Franse Revolutie leidde echter tot de afschaffing van de kapittels in 1797 en de reductie van het gebouw tot een eenvoudige parochie in 1800. Pas in 1961 werd de voormalige kapittelkerk officieel verheven tot kathedraal toen het aartsbisdom Mechelen-Brussel werd opgericht. Sindsdien is Sint-Michel-et-Goedele een belangrijke institutionele site geworden in de ogen van de Belgische monarchie. Concreet vonden hier de huwelijken plaats van Leopold II in 1853, Albert <g id=\"gid_1\">I<\/g> in 1900, Boudewijn in 1960 en Filip in 1999, en niet te vergeten de koninklijke begrafenissen en het Te Deum op 21 juli. Uiteindelijk zal deze ceremoni\u00eble rol de kathedraal een internationaal profiel geven en haar tegelijkertijd deel laten uitmaken van het Belgische nationale verhaal.     <\/p>\n<h2>Een eeuwigdurend werk in uitvoering: restauraties en hedendaagse uitdagingen<\/h2>\n<p>Sinds de <sup>19e<\/sup> en <sup>20e<\/sup> eeuw waren er restauratiecampagnes in neogotische stijl om bepaalde delen van de kathedraal te harmoniseren en te voltooien. Nieuwe glas-in-loodramen en invullingen werden toegevoegd om een coherente stijl te cre\u00ebren. Deze ingrepen, hoe discreet ook, roepen echter de vraag op naar de historische authenticiteit en het evenwicht tussen behoud en modernisering. In de praktijk vereisen het behoud van het zes eeuwen oude eikenhouten geraamte en het behoud van de sculpturen die blootgesteld zijn aan stedelijke vervuiling aanzienlijke budgetten, vaak verkregen via publiek-private partnerschappen. Maar er zijn nog steeds veel technische beperkingen: beperkte toegankelijkheid voor mensen met beperkte mobiliteit, kwetsbare materialen en de noodzaak om te voldoen aan veiligheidsnormen. Uiteindelijk zal het succes van deze projecten bepalen of ons gotisch erfgoed al dan niet kan worden doorgegeven aan toekomstige generaties.     <\/p>\n<h2>800 jaar feest: culturele en toeristische kwesties<\/h2>\n<p>Gedurende het hele jaar 2026 zal een programma van evenementen de bezoekers in staat stellen om de kathedraal in een heel nieuw licht te herontdekken: meeslepende voorstellingen, orgelconcerten, thematische rondleidingen gericht op de Franse Revolutie of de Brabantse gotiek. Concreet rekenen de organisatoren op een toestroom van bezoekers die vergelijkbaar is met de 11 miljoen die de Notre-Dame de Paris onlangs mocht verwelkomen, maar ze willen overbezoeken voorkomen. In de praktijk is het de bedoeling een evenwicht te vinden tussen de ontwikkeling van het toerisme en het respect voor de site, door gidsen, historici en de culturele diensten van de Stad Brussel samen te brengen. Maar naast de economie werpt deze viering ook de vraag op naar de identiteit van Brussel: hoe blijft een historisch monument structuur geven aan het stadsleven en het gevoel van collectieve saamhorigheid? Uiteindelijk zou deze herdenking de band tussen erfgoed, de burgermaatschappij en instellingen kunnen versterken, en tegelijkertijd de behoefte aan langetermijnfinanciering benadrukken om ervoor te zorgen dat de kathedraal de komende eeuwen overleeft.    <\/p>\n","protected":false},"excerpt":{"rendered":"<p>Sint-Michielskathedraal: 800 jaar gotische geschiedenis in hartje Brussel In 2026 zal de Sint-Michielskathedraal 800 jaar bestaan sinds het begin van de gotische reconstructie, een mijlpaal die herinnert aan de architecturale en politieke evolutie van Brussel. Concreet is het de bedoeling om een emblematisch monument te vieren dat zowel een plaats van aanbidding en een decor [&hellip;]<\/p>\n","protected":false},"author":14,"featured_media":10094,"comment_status":"closed","ping_status":"closed","sticky":false,"template":"","format":"standard","meta":{"_et_pb_use_builder":"","_et_pb_old_content":"","_et_gb_content_width":"","_jetpack_memberships_contains_paid_content":false,"footnotes":""},"categories":[288],"tags":[],"class_list":["post-10097","post","type-post","status-publish","format-standard","has-post-thumbnail","hentry","category-nieuws-brussel"],"yoast_head":"<!-- This site is optimized with the Yoast SEO plugin v27.5 - https:\/\/yoast.com\/product\/yoast-seo-wordpress\/ -->\n<title>Erfgoed: Kathedraal Saints-Michel-et-Gudule viert 800ste verjaardag - Information-bruxelles.be<\/title>\n<meta name=\"robots\" content=\"index, follow, max-snippet:-1, max-image-preview:large, max-video-preview:-1\" \/>\n<link rel=\"canonical\" href=\"https:\/\/www.information-bruxelles.be\/nl\/erfgoed-kathedraal-saints-michel-et-gudule-viert-800ste-verjaardag\/\" \/>\n<meta property=\"og:locale\" content=\"nl_NL\" \/>\n<meta property=\"og:type\" content=\"article\" \/>\n<meta property=\"og:title\" content=\"Erfgoed: Kathedraal Saints-Michel-et-Gudule viert 800ste verjaardag - Information-bruxelles.be\" \/>\n<meta property=\"og:description\" content=\"Sint-Michielskathedraal: 800 jaar gotische geschiedenis in hartje Brussel In 2026 zal de Sint-Michielskathedraal 800 jaar bestaan sinds het begin van de gotische reconstructie, een mijlpaal die herinnert aan de architecturale en politieke evolutie van Brussel. Concreet is het de bedoeling om een emblematisch monument te vieren dat zowel een plaats van aanbidding en een decor [&hellip;]\" \/>\n<meta property=\"og:url\" content=\"https:\/\/www.information-bruxelles.be\/nl\/erfgoed-kathedraal-saints-michel-et-gudule-viert-800ste-verjaardag\/\" \/>\n<meta property=\"og:site_name\" content=\"Information-bruxelles.be\" \/>\n<meta property=\"article:published_time\" content=\"2025-12-11T14:55:52+00:00\" \/>\n<meta property=\"og:image\" content=\"https:\/\/www.information-bruxelles.be\/wp-content\/uploads\/2025\/12\/file-20.jpg\" \/>\n\t<meta property=\"og:image:width\" content=\"1200\" \/>\n\t<meta property=\"og:image:height\" content=\"686\" \/>\n\t<meta property=\"og:image:type\" content=\"image\/jpeg\" \/>\n<meta name=\"author\" content=\"Olivier Meynaerts\" \/>\n<meta name=\"twitter:card\" content=\"summary_large_image\" \/>\n<meta name=\"twitter:label1\" content=\"Geschreven door\" \/>\n\t<meta name=\"twitter:data1\" content=\"Olivier Meynaerts\" \/>\n\t<meta name=\"twitter:label2\" content=\"Geschatte leestijd\" \/>\n\t<meta name=\"twitter:data2\" content=\"4 minuten\" \/>\n<script type=\"application\/ld+json\" class=\"yoast-schema-graph\">{\"@context\":\"https:\\\/\\\/schema.org\",\"@graph\":[{\"@type\":\"Article\",\"@id\":\"https:\\\/\\\/www.information-bruxelles.be\\\/nl\\\/erfgoed-kathedraal-saints-michel-et-gudule-viert-800ste-verjaardag\\\/#article\",\"isPartOf\":{\"@id\":\"https:\\\/\\\/www.information-bruxelles.be\\\/nl\\\/erfgoed-kathedraal-saints-michel-et-gudule-viert-800ste-verjaardag\\\/\"},\"author\":{\"name\":\"Olivier Meynaerts\",\"@id\":\"https:\\\/\\\/www.information-bruxelles.be\\\/nl\\\/#\\\/schema\\\/person\\\/8efd13a6ea16e6e4855480348ab7dfac\"},\"headline\":\"Erfgoed: Kathedraal Saints-Michel-et-Gudule viert 800ste verjaardag\",\"datePublished\":\"2025-12-11T14:55:52+00:00\",\"mainEntityOfPage\":{\"@id\":\"https:\\\/\\\/www.information-bruxelles.be\\\/nl\\\/erfgoed-kathedraal-saints-michel-et-gudule-viert-800ste-verjaardag\\\/\"},\"wordCount\":810,\"publisher\":{\"@id\":\"https:\\\/\\\/www.information-bruxelles.be\\\/nl\\\/#organization\"},\"image\":{\"@id\":\"https:\\\/\\\/www.information-bruxelles.be\\\/nl\\\/erfgoed-kathedraal-saints-michel-et-gudule-viert-800ste-verjaardag\\\/#primaryimage\"},\"thumbnailUrl\":\"https:\\\/\\\/www.information-bruxelles.be\\\/wp-content\\\/uploads\\\/2025\\\/12\\\/file-20.jpg\",\"articleSection\":[\"Nieuws Brussel\"],\"inLanguage\":\"nl-NL\"},{\"@type\":\"WebPage\",\"@id\":\"https:\\\/\\\/www.information-bruxelles.be\\\/nl\\\/erfgoed-kathedraal-saints-michel-et-gudule-viert-800ste-verjaardag\\\/\",\"url\":\"https:\\\/\\\/www.information-bruxelles.be\\\/nl\\\/erfgoed-kathedraal-saints-michel-et-gudule-viert-800ste-verjaardag\\\/\",\"name\":\"Erfgoed: Kathedraal Saints-Michel-et-Gudule viert 800ste verjaardag - Information-bruxelles.be\",\"isPartOf\":{\"@id\":\"https:\\\/\\\/www.information-bruxelles.be\\\/nl\\\/#website\"},\"primaryImageOfPage\":{\"@id\":\"https:\\\/\\\/www.information-bruxelles.be\\\/nl\\\/erfgoed-kathedraal-saints-michel-et-gudule-viert-800ste-verjaardag\\\/#primaryimage\"},\"image\":{\"@id\":\"https:\\\/\\\/www.information-bruxelles.be\\\/nl\\\/erfgoed-kathedraal-saints-michel-et-gudule-viert-800ste-verjaardag\\\/#primaryimage\"},\"thumbnailUrl\":\"https:\\\/\\\/www.information-bruxelles.be\\\/wp-content\\\/uploads\\\/2025\\\/12\\\/file-20.jpg\",\"datePublished\":\"2025-12-11T14:55:52+00:00\",\"breadcrumb\":{\"@id\":\"https:\\\/\\\/www.information-bruxelles.be\\\/nl\\\/erfgoed-kathedraal-saints-michel-et-gudule-viert-800ste-verjaardag\\\/#breadcrumb\"},\"inLanguage\":\"nl-NL\",\"potentialAction\":[{\"@type\":\"ReadAction\",\"target\":[\"https:\\\/\\\/www.information-bruxelles.be\\\/nl\\\/erfgoed-kathedraal-saints-michel-et-gudule-viert-800ste-verjaardag\\\/\"]}]},{\"@type\":\"ImageObject\",\"inLanguage\":\"nl-NL\",\"@id\":\"https:\\\/\\\/www.information-bruxelles.be\\\/nl\\\/erfgoed-kathedraal-saints-michel-et-gudule-viert-800ste-verjaardag\\\/#primaryimage\",\"url\":\"https:\\\/\\\/www.information-bruxelles.be\\\/wp-content\\\/uploads\\\/2025\\\/12\\\/file-20.jpg\",\"contentUrl\":\"https:\\\/\\\/www.information-bruxelles.be\\\/wp-content\\\/uploads\\\/2025\\\/12\\\/file-20.jpg\",\"width\":1200,\"height\":686},{\"@type\":\"BreadcrumbList\",\"@id\":\"https:\\\/\\\/www.information-bruxelles.be\\\/nl\\\/erfgoed-kathedraal-saints-michel-et-gudule-viert-800ste-verjaardag\\\/#breadcrumb\",\"itemListElement\":[{\"@type\":\"ListItem\",\"position\":1,\"name\":\"Accueil\",\"item\":\"https:\\\/\\\/www.information-bruxelles.be\\\/nl\\\/\"},{\"@type\":\"ListItem\",\"position\":2,\"name\":\"Ongecategoriseerd\",\"item\":\"https:\\\/\\\/www.information-bruxelles.be\\\/nl\\\/category\\\/ongecategoriseerd\\\/\"},{\"@type\":\"ListItem\",\"position\":3,\"name\":\"Erfgoed: Kathedraal Saints-Michel-et-Gudule viert 800ste verjaardag\"}]},{\"@type\":\"WebSite\",\"@id\":\"https:\\\/\\\/www.information-bruxelles.be\\\/nl\\\/#website\",\"url\":\"https:\\\/\\\/www.information-bruxelles.be\\\/nl\\\/\",\"name\":\"Information-bruxelles.be\",\"description\":\"Le blog conseil survivaliste\",\"publisher\":{\"@id\":\"https:\\\/\\\/www.information-bruxelles.be\\\/nl\\\/#organization\"},\"potentialAction\":[{\"@type\":\"SearchAction\",\"target\":{\"@type\":\"EntryPoint\",\"urlTemplate\":\"https:\\\/\\\/www.information-bruxelles.be\\\/nl\\\/?s={search_term_string}\"},\"query-input\":{\"@type\":\"PropertyValueSpecification\",\"valueRequired\":true,\"valueName\":\"search_term_string\"}}],\"inLanguage\":\"nl-NL\"},{\"@type\":\"Organization\",\"@id\":\"https:\\\/\\\/www.information-bruxelles.be\\\/nl\\\/#organization\",\"name\":\"Information-bruxelles.be\",\"url\":\"https:\\\/\\\/www.information-bruxelles.be\\\/nl\\\/\",\"logo\":{\"@type\":\"ImageObject\",\"inLanguage\":\"nl-NL\",\"@id\":\"https:\\\/\\\/www.information-bruxelles.be\\\/nl\\\/#\\\/schema\\\/logo\\\/image\\\/\",\"url\":\"\",\"contentUrl\":\"\",\"caption\":\"Information-bruxelles.be\"},\"image\":{\"@id\":\"https:\\\/\\\/www.information-bruxelles.be\\\/nl\\\/#\\\/schema\\\/logo\\\/image\\\/\"}},{\"@type\":\"Person\",\"@id\":\"https:\\\/\\\/www.information-bruxelles.be\\\/nl\\\/#\\\/schema\\\/person\\\/8efd13a6ea16e6e4855480348ab7dfac\",\"name\":\"Olivier Meynaerts\",\"description\":\"Olivier Meynaerts est un \u00e9ditorialiste aguerri avec une exp\u00e9rience dans le domaine de l\u2019analyse et de la critique. Reconnu pour sa capacit\u00e9 \u00e0 interpr\u00e9ter l\u2019actualit\u00e9 avec perspicacit\u00e9, il offre des perspectives \u00e9clair\u00e9es et provocantes. Sa plume incisive et son engagement envers une information de qualit\u00e9 font de lui un leader d\u2019opinion respect\u00e9, guidant notre \u00e9quipe avec d\u00e9termination.\",\"url\":\"https:\\\/\\\/www.information-bruxelles.be\\\/nl\\\/author\\\/olivier-meynaerts\\\/\"}]}<\/script>\n<!-- \/ Yoast SEO plugin. -->","yoast_head_json":{"title":"Erfgoed: Kathedraal Saints-Michel-et-Gudule viert 800ste verjaardag - Information-bruxelles.be","robots":{"index":"index","follow":"follow","max-snippet":"max-snippet:-1","max-image-preview":"max-image-preview:large","max-video-preview":"max-video-preview:-1"},"canonical":"https:\/\/www.information-bruxelles.be\/nl\/erfgoed-kathedraal-saints-michel-et-gudule-viert-800ste-verjaardag\/","og_locale":"nl_NL","og_type":"article","og_title":"Erfgoed: Kathedraal Saints-Michel-et-Gudule viert 800ste verjaardag - Information-bruxelles.be","og_description":"Sint-Michielskathedraal: 800 jaar gotische geschiedenis in hartje Brussel In 2026 zal de Sint-Michielskathedraal 800 jaar bestaan sinds het begin van de gotische reconstructie, een mijlpaal die herinnert aan de architecturale en politieke evolutie van Brussel. Concreet is het de bedoeling om een emblematisch monument te vieren dat zowel een plaats van aanbidding en een decor [&hellip;]","og_url":"https:\/\/www.information-bruxelles.be\/nl\/erfgoed-kathedraal-saints-michel-et-gudule-viert-800ste-verjaardag\/","og_site_name":"Information-bruxelles.be","article_published_time":"2025-12-11T14:55:52+00:00","og_image":[{"width":1200,"height":686,"url":"https:\/\/www.information-bruxelles.be\/wp-content\/uploads\/2025\/12\/file-20.jpg","type":"image\/jpeg"}],"author":"Olivier Meynaerts","twitter_card":"summary_large_image","twitter_misc":{"Geschreven door":"Olivier Meynaerts","Geschatte leestijd":"4 minuten"},"schema":{"@context":"https:\/\/schema.org","@graph":[{"@type":"Article","@id":"https:\/\/www.information-bruxelles.be\/nl\/erfgoed-kathedraal-saints-michel-et-gudule-viert-800ste-verjaardag\/#article","isPartOf":{"@id":"https:\/\/www.information-bruxelles.be\/nl\/erfgoed-kathedraal-saints-michel-et-gudule-viert-800ste-verjaardag\/"},"author":{"name":"Olivier Meynaerts","@id":"https:\/\/www.information-bruxelles.be\/nl\/#\/schema\/person\/8efd13a6ea16e6e4855480348ab7dfac"},"headline":"Erfgoed: Kathedraal Saints-Michel-et-Gudule viert 800ste verjaardag","datePublished":"2025-12-11T14:55:52+00:00","mainEntityOfPage":{"@id":"https:\/\/www.information-bruxelles.be\/nl\/erfgoed-kathedraal-saints-michel-et-gudule-viert-800ste-verjaardag\/"},"wordCount":810,"publisher":{"@id":"https:\/\/www.information-bruxelles.be\/nl\/#organization"},"image":{"@id":"https:\/\/www.information-bruxelles.be\/nl\/erfgoed-kathedraal-saints-michel-et-gudule-viert-800ste-verjaardag\/#primaryimage"},"thumbnailUrl":"https:\/\/www.information-bruxelles.be\/wp-content\/uploads\/2025\/12\/file-20.jpg","articleSection":["Nieuws Brussel"],"inLanguage":"nl-NL"},{"@type":"WebPage","@id":"https:\/\/www.information-bruxelles.be\/nl\/erfgoed-kathedraal-saints-michel-et-gudule-viert-800ste-verjaardag\/","url":"https:\/\/www.information-bruxelles.be\/nl\/erfgoed-kathedraal-saints-michel-et-gudule-viert-800ste-verjaardag\/","name":"Erfgoed: Kathedraal Saints-Michel-et-Gudule viert 800ste verjaardag - Information-bruxelles.be","isPartOf":{"@id":"https:\/\/www.information-bruxelles.be\/nl\/#website"},"primaryImageOfPage":{"@id":"https:\/\/www.information-bruxelles.be\/nl\/erfgoed-kathedraal-saints-michel-et-gudule-viert-800ste-verjaardag\/#primaryimage"},"image":{"@id":"https:\/\/www.information-bruxelles.be\/nl\/erfgoed-kathedraal-saints-michel-et-gudule-viert-800ste-verjaardag\/#primaryimage"},"thumbnailUrl":"https:\/\/www.information-bruxelles.be\/wp-content\/uploads\/2025\/12\/file-20.jpg","datePublished":"2025-12-11T14:55:52+00:00","breadcrumb":{"@id":"https:\/\/www.information-bruxelles.be\/nl\/erfgoed-kathedraal-saints-michel-et-gudule-viert-800ste-verjaardag\/#breadcrumb"},"inLanguage":"nl-NL","potentialAction":[{"@type":"ReadAction","target":["https:\/\/www.information-bruxelles.be\/nl\/erfgoed-kathedraal-saints-michel-et-gudule-viert-800ste-verjaardag\/"]}]},{"@type":"ImageObject","inLanguage":"nl-NL","@id":"https:\/\/www.information-bruxelles.be\/nl\/erfgoed-kathedraal-saints-michel-et-gudule-viert-800ste-verjaardag\/#primaryimage","url":"https:\/\/www.information-bruxelles.be\/wp-content\/uploads\/2025\/12\/file-20.jpg","contentUrl":"https:\/\/www.information-bruxelles.be\/wp-content\/uploads\/2025\/12\/file-20.jpg","width":1200,"height":686},{"@type":"BreadcrumbList","@id":"https:\/\/www.information-bruxelles.be\/nl\/erfgoed-kathedraal-saints-michel-et-gudule-viert-800ste-verjaardag\/#breadcrumb","itemListElement":[{"@type":"ListItem","position":1,"name":"Accueil","item":"https:\/\/www.information-bruxelles.be\/nl\/"},{"@type":"ListItem","position":2,"name":"Ongecategoriseerd","item":"https:\/\/www.information-bruxelles.be\/nl\/category\/ongecategoriseerd\/"},{"@type":"ListItem","position":3,"name":"Erfgoed: Kathedraal Saints-Michel-et-Gudule viert 800ste verjaardag"}]},{"@type":"WebSite","@id":"https:\/\/www.information-bruxelles.be\/nl\/#website","url":"https:\/\/www.information-bruxelles.be\/nl\/","name":"Information-bruxelles.be","description":"Le blog conseil survivaliste","publisher":{"@id":"https:\/\/www.information-bruxelles.be\/nl\/#organization"},"potentialAction":[{"@type":"SearchAction","target":{"@type":"EntryPoint","urlTemplate":"https:\/\/www.information-bruxelles.be\/nl\/?s={search_term_string}"},"query-input":{"@type":"PropertyValueSpecification","valueRequired":true,"valueName":"search_term_string"}}],"inLanguage":"nl-NL"},{"@type":"Organization","@id":"https:\/\/www.information-bruxelles.be\/nl\/#organization","name":"Information-bruxelles.be","url":"https:\/\/www.information-bruxelles.be\/nl\/","logo":{"@type":"ImageObject","inLanguage":"nl-NL","@id":"https:\/\/www.information-bruxelles.be\/nl\/#\/schema\/logo\/image\/","url":"","contentUrl":"","caption":"Information-bruxelles.be"},"image":{"@id":"https:\/\/www.information-bruxelles.be\/nl\/#\/schema\/logo\/image\/"}},{"@type":"Person","@id":"https:\/\/www.information-bruxelles.be\/nl\/#\/schema\/person\/8efd13a6ea16e6e4855480348ab7dfac","name":"Olivier Meynaerts","description":"Olivier Meynaerts est un \u00e9ditorialiste aguerri avec une exp\u00e9rience dans le domaine de l\u2019analyse et de la critique. Reconnu pour sa capacit\u00e9 \u00e0 interpr\u00e9ter l\u2019actualit\u00e9 avec perspicacit\u00e9, il offre des perspectives \u00e9clair\u00e9es et provocantes. Sa plume incisive et son engagement envers une information de qualit\u00e9 font de lui un leader d\u2019opinion respect\u00e9, guidant notre \u00e9quipe avec d\u00e9termination.","url":"https:\/\/www.information-bruxelles.be\/nl\/author\/olivier-meynaerts\/"}]}},"jetpack_featured_media_url":"https:\/\/www.information-bruxelles.be\/wp-content\/uploads\/2025\/12\/file-20.jpg","jetpack_sharing_enabled":true,"_links":{"self":[{"href":"https:\/\/www.information-bruxelles.be\/nl\/wp-json\/wp\/v2\/posts\/10097","targetHints":{"allow":["GET"]}}],"collection":[{"href":"https:\/\/www.information-bruxelles.be\/nl\/wp-json\/wp\/v2\/posts"}],"about":[{"href":"https:\/\/www.information-bruxelles.be\/nl\/wp-json\/wp\/v2\/types\/post"}],"author":[{"embeddable":true,"href":"https:\/\/www.information-bruxelles.be\/nl\/wp-json\/wp\/v2\/users\/14"}],"replies":[{"embeddable":true,"href":"https:\/\/www.information-bruxelles.be\/nl\/wp-json\/wp\/v2\/comments?post=10097"}],"version-history":[{"count":0,"href":"https:\/\/www.information-bruxelles.be\/nl\/wp-json\/wp\/v2\/posts\/10097\/revisions"}],"wp:featuredmedia":[{"embeddable":true,"href":"https:\/\/www.information-bruxelles.be\/nl\/wp-json\/wp\/v2\/media\/10094"}],"wp:attachment":[{"href":"https:\/\/www.information-bruxelles.be\/nl\/wp-json\/wp\/v2\/media?parent=10097"}],"wp:term":[{"taxonomy":"category","embeddable":true,"href":"https:\/\/www.information-bruxelles.be\/nl\/wp-json\/wp\/v2\/categories?post=10097"},{"taxonomy":"post_tag","embeddable":true,"href":"https:\/\/www.information-bruxelles.be\/nl\/wp-json\/wp\/v2\/tags?post=10097"}],"curies":[{"name":"wp","href":"https:\/\/api.w.org\/{rel}","templated":true}]}}