{"id":10085,"date":"2025-12-10T07:23:14","date_gmt":"2025-12-10T07:23:14","guid":{"rendered":"https:\/\/www.information-bruxelles.be\/brussel-nieuw-systeem-voor-gespecialiseerde-zorg-voor-resistente-depressies\/"},"modified":"2025-12-10T07:23:14","modified_gmt":"2025-12-10T07:23:14","slug":"brussel-nieuw-systeem-voor-gespecialiseerde-zorg-voor-resistente-depressies","status":"publish","type":"post","link":"https:\/\/www.information-bruxelles.be\/nl\/brussel-nieuw-systeem-voor-gespecialiseerde-zorg-voor-resistente-depressies\/","title":{"rendered":"Brussel: nieuw systeem voor gespecialiseerde zorg voor resistente depressies"},"content":{"rendered":"\n\n<div class=\"kk-star-ratings kksr-auto kksr-align-left kksr-valign-top\"\n    data-payload='{&quot;align&quot;:&quot;left&quot;,&quot;id&quot;:&quot;10085&quot;,&quot;slug&quot;:&quot;default&quot;,&quot;valign&quot;:&quot;top&quot;,&quot;ignore&quot;:&quot;&quot;,&quot;reference&quot;:&quot;auto&quot;,&quot;class&quot;:&quot;&quot;,&quot;count&quot;:&quot;0&quot;,&quot;legendonly&quot;:&quot;&quot;,&quot;readonly&quot;:&quot;&quot;,&quot;score&quot;:&quot;0&quot;,&quot;starsonly&quot;:&quot;&quot;,&quot;best&quot;:&quot;5&quot;,&quot;gap&quot;:&quot;5&quot;,&quot;greet&quot;:&quot;Rate this post&quot;,&quot;legend&quot;:&quot;0\\\/5 - (0 stemmen)&quot;,&quot;size&quot;:&quot;24&quot;,&quot;title&quot;:&quot;Brussel: nieuw systeem voor gespecialiseerde zorg voor resistente depressies&quot;,&quot;width&quot;:&quot;0&quot;,&quot;_legend&quot;:&quot;{score}\\\/{best} - ({count} {votes})&quot;,&quot;font_factor&quot;:&quot;1.25&quot;}'>\n            \n<div class=\"kksr-stars\">\n    \n<div class=\"kksr-stars-inactive\">\n            <div class=\"kksr-star\" data-star=\"1\" style=\"padding-right: 5px\">\n            \n\n<div class=\"kksr-icon\" style=\"width: 24px; height: 24px;\"><\/div>\n        <\/div>\n            <div class=\"kksr-star\" data-star=\"2\" style=\"padding-right: 5px\">\n            \n\n<div class=\"kksr-icon\" style=\"width: 24px; height: 24px;\"><\/div>\n        <\/div>\n            <div class=\"kksr-star\" data-star=\"3\" style=\"padding-right: 5px\">\n            \n\n<div class=\"kksr-icon\" style=\"width: 24px; height: 24px;\"><\/div>\n        <\/div>\n            <div class=\"kksr-star\" data-star=\"4\" style=\"padding-right: 5px\">\n            \n\n<div class=\"kksr-icon\" style=\"width: 24px; height: 24px;\"><\/div>\n        <\/div>\n            <div class=\"kksr-star\" data-star=\"5\" style=\"padding-right: 5px\">\n            \n\n<div class=\"kksr-icon\" style=\"width: 24px; height: 24px;\"><\/div>\n        <\/div>\n    <\/div>\n    \n<div class=\"kksr-stars-active\" style=\"width: 0px;\">\n            <div class=\"kksr-star\" style=\"padding-right: 5px\">\n            \n\n<div class=\"kksr-icon\" style=\"width: 24px; height: 24px;\"><\/div>\n        <\/div>\n            <div class=\"kksr-star\" style=\"padding-right: 5px\">\n            \n\n<div class=\"kksr-icon\" style=\"width: 24px; height: 24px;\"><\/div>\n        <\/div>\n            <div class=\"kksr-star\" style=\"padding-right: 5px\">\n            \n\n<div class=\"kksr-icon\" style=\"width: 24px; height: 24px;\"><\/div>\n        <\/div>\n            <div class=\"kksr-star\" style=\"padding-right: 5px\">\n            \n\n<div class=\"kksr-icon\" style=\"width: 24px; height: 24px;\"><\/div>\n        <\/div>\n            <div class=\"kksr-star\" style=\"padding-right: 5px\">\n            \n\n<div class=\"kksr-icon\" style=\"width: 24px; height: 24px;\"><\/div>\n        <\/div>\n    <\/div>\n<\/div>\n                \n\n<div class=\"kksr-legend\" style=\"font-size: 19.2px;\">\n            <span class=\"kksr-muted\">Rate this post<\/span>\n    <\/div>\n    <\/div>\n<h2>Integrale zorg voor resistente depressie in Brussel<\/h2>\n<p>Omdat een derde van de depressieve pati\u00ebnten niet reageert op conventionele behandelingen, opent het Universitair Ziekenhuis van Brussel (B.U.H.) een polikliniek voor zogenaamde resistente depressies. Het doel is om de ziekte in zijn geheel te behandelen, met behulp van een multidisciplinair team en gecombineerde benaderingen. <\/p>\n<h2>Resistente depressie, een onderschatte uitdaging<\/h2>\n<p>Elk jaar heeft ongeveer 10% van de Belgische bevolking last van depressieve symptomen die de slaap, eetlust, concentratie en het sociale leven be\u00efnvloeden. Bij een derde hiervan treedt geen significante verbetering op met standaard farmacologische of psychotherapeutische behandelingen. Deze &#8220;resistente depressies&#8221; worden nog steeds slecht herkend door het grote publiek en worden vaak laat behandeld. In de winter, wanneer het lichtniveau en de moraal afnemen, nemen de terugvalpercentages toe, wat de behoefte aan follow-up op maat van deze subgroep pati\u00ebnten accentueert.   <\/p>\n<h2>Een ongekende multidisciplinaire aanpak bij H.U.B.<\/h2>\n<p>In plaats van zich te beperken tot het aanpassen van antidepressiva, biedt het H.U.B. sinds enkele weken een poliklinisch consult aan dat zich richt op &#8220;globale gezondheid&#8221;. Concreet wordt elke pati\u00ebnt begeleid door een team van psychiaters, psychologen, fysiotherapeuten en ergotherapeuten, die hun interventies co\u00f6rdineren. Volgens Pierre Oswald, hoofd van de afdeling psychiatrie: <em>&#8220;Depressie is een ziekte die de hele persoon be\u00efnvloedt&#8221;.<\/em> Deze synergie is gericht op het combineren van medicatie, psychotherapie en fysieke activiteiten, terwijl er ook advies wordt gegeven over slaap, voeding en stressmanagement.   <\/p>\n<h2>De voordelen van holistische zorg<\/h2>\n<p>In de praktijk biedt de integratieve aanpak een aantal voordelen:<\/p>\n<ul>\n<li>Versnelde behandeling: &#8220;resistente&#8221; pati\u00ebnten worden sneller doorverwezen naar deze specialistische raadpleging, waardoor de wachttijden korter worden en de symptomen minder verergeren.<\/li>\n<li>Co\u00f6rdinatie van zorg: overleg tussen professionals maakt het mogelijk om behandelingen voortdurend aan te passen, wat de consistentie van aanbevelingen vergroot en een wildgroei van ongerelateerde afspraken voorkomt.<\/li>\n<li>Ondersteuning van de leefstijl: aandacht besteden aan slaap, voeding en lichaamsbeweging versterkt de veerkracht van pati\u00ebnten en voorkomt terugval.<\/li>\n<li>Gerichte fysieke benaderingen: fysiotherapie en bezigheidstherapie zijn gericht op het herstellen van de band tussen lichaam en geest, die vaak verstoord is bij mensen die lijden aan chronische depressie.<\/li>\n<\/ul>\n<p>Uiteindelijk zou deze verscheidenheid aan interventies de kwaliteit van leven moeten verbeteren en de totale kosten van de zorg moeten verlagen door langdurige ziekenhuisopname en arbeidsverzuim te beperken.<\/p>\n<h2>Grenzen en uitdagingen<\/h2>\n<p>Ondanks de belofte heeft dit initiatief een aantal beperkingen:<\/p>\n<ul>\n<li>Personele en financi\u00eble middelen: het mobiliseren van verschillende specialisten vereist aanzienlijke middelen, zowel in termen van personeel als van infrastructuur, wat de verspreiding van het model zou kunnen vertragen.<\/li>\n<li>Capaciteit: een enkel consult zal niet genoeg zijn om de vraag op te vangen, zeker niet als er meer pati\u00ebnten naar deze dienst komen door de bekendheid te vergroten.<\/li>\n<li>Aanvaardbaarheid voor de pati\u00ebnt: de gelijktijdige inzet voor verschillende soorten therapie kan belastend lijken en sommige minder gemotiveerde kandidaten ontmoedigen.<\/li>\n<li>Gebrek aan inzicht achteraf: door het ontbreken van longitudinale studies moet de werkelijke effectiviteit van deze combinatie van benaderingen op de lange termijn nog worden aangetoond.<\/li>\n<\/ul>\n<h2>Problemen bij wijdverbreid gebruik en vooruitzichten<\/h2>\n<p>Het succes van de HUB roept een aantal vragen op voor de Belgische gezondheidszorg: hoe deze gespecialiseerde consultaties uit te breiden naar andere universitaire of regionale ziekenhuizen, hoe meer professionals op te leiden in integratieve psychiatrie en hoe de terugbetaling door mutualiteiten aan te passen. Internationaal hebben sommige Scandinavische landen en het Verenigd Koninkrijk al soortgelijke modellen ingevoerd, met bemoedigende gegevens over de vermindering van het aantal terugvallen en ziekenhuisopnames. <\/p>\n<p>Tot slot moet de economische impact van deze innovatie nog gemeten worden. Het aanmoedigen van de professionele re-integratie van behandelde pati\u00ebnten kan aanzienlijke besparingen opleveren, maar vergt aanzienlijke initi\u00eble investeringen. Het publiek bewust maken van het bestaan van resistente depressies en het bevorderen van vroegtijdige behandeling lijken essenti\u00eble hefbomen om deze gezondheidslast op middellange en lange termijn te verminderen.  <\/p>\n<h2>Naar een Belgisch model van integratieve psychiatrie<\/h2>\n<p>Uiteindelijk zou de H.U.B.-benadering als referentie kunnen dienen voor de ontwikkeling van psychiatrische praktijken in Belgi\u00eb. Door medisch en paramedisch personeel samen te brengen, biedt deze raadpleging een meer coherent antwoord aan pati\u00ebnten van wie de depressie aanhoudt ondanks conventionele behandelingen. Nu moeten alleen nog de financi\u00eble en organisatorische barri\u00e8res overwonnen worden zodat deze innovatie zoveel mogelijk mensen ten goede komt en de basis wordt van een &#8216;globale gezondheidsbenadering&#8217; die eindelijk ge\u00efntegreerd wordt in de trajecten van de geestelijke gezondheidszorg.  <\/p>\n","protected":false},"excerpt":{"rendered":"<p>Integrale zorg voor resistente depressie in Brussel Omdat een derde van de depressieve pati\u00ebnten niet reageert op conventionele behandelingen, opent het Universitair Ziekenhuis van Brussel (B.U.H.) een polikliniek voor zogenaamde resistente depressies. Het doel is om de ziekte in zijn geheel te behandelen, met behulp van een multidisciplinair team en gecombineerde benaderingen. Resistente depressie, een [&hellip;]<\/p>\n","protected":false},"author":14,"featured_media":10084,"comment_status":"closed","ping_status":"closed","sticky":false,"template":"","format":"standard","meta":{"_et_pb_use_builder":"","_et_pb_old_content":"","_et_gb_content_width":"","_jetpack_memberships_contains_paid_content":false,"footnotes":""},"categories":[288],"tags":[],"class_list":["post-10085","post","type-post","status-publish","format-standard","has-post-thumbnail","hentry","category-nieuws-brussel"],"yoast_head":"<!-- This site is optimized with the Yoast SEO plugin v27.5 - https:\/\/yoast.com\/product\/yoast-seo-wordpress\/ -->\n<title>Brussel: nieuw systeem voor gespecialiseerde zorg voor resistente depressies - Information-bruxelles.be<\/title>\n<meta name=\"robots\" content=\"index, follow, max-snippet:-1, max-image-preview:large, max-video-preview:-1\" \/>\n<link rel=\"canonical\" href=\"https:\/\/www.information-bruxelles.be\/nl\/brussel-nieuw-systeem-voor-gespecialiseerde-zorg-voor-resistente-depressies\/\" \/>\n<meta property=\"og:locale\" content=\"nl_NL\" \/>\n<meta property=\"og:type\" content=\"article\" \/>\n<meta property=\"og:title\" content=\"Brussel: nieuw systeem voor gespecialiseerde zorg voor resistente depressies - Information-bruxelles.be\" \/>\n<meta property=\"og:description\" content=\"Integrale zorg voor resistente depressie in Brussel Omdat een derde van de depressieve pati\u00ebnten niet reageert op conventionele behandelingen, opent het Universitair Ziekenhuis van Brussel (B.U.H.) een polikliniek voor zogenaamde resistente depressies. Het doel is om de ziekte in zijn geheel te behandelen, met behulp van een multidisciplinair team en gecombineerde benaderingen. Resistente depressie, een [&hellip;]\" \/>\n<meta property=\"og:url\" content=\"https:\/\/www.information-bruxelles.be\/nl\/brussel-nieuw-systeem-voor-gespecialiseerde-zorg-voor-resistente-depressies\/\" \/>\n<meta property=\"og:site_name\" content=\"Information-bruxelles.be\" \/>\n<meta property=\"article:published_time\" content=\"2025-12-10T07:23:14+00:00\" \/>\n<meta property=\"og:image\" content=\"https:\/\/www.information-bruxelles.be\/wp-content\/uploads\/2025\/12\/file-17.jpg\" \/>\n\t<meta property=\"og:image:width\" content=\"1200\" \/>\n\t<meta property=\"og:image:height\" content=\"686\" \/>\n\t<meta property=\"og:image:type\" content=\"image\/jpeg\" \/>\n<meta name=\"author\" content=\"Olivier Meynaerts\" \/>\n<meta name=\"twitter:card\" content=\"summary_large_image\" \/>\n<meta name=\"twitter:label1\" content=\"Geschreven door\" \/>\n\t<meta name=\"twitter:data1\" content=\"Olivier Meynaerts\" \/>\n\t<meta name=\"twitter:label2\" content=\"Geschatte leestijd\" \/>\n\t<meta name=\"twitter:data2\" content=\"4 minuten\" \/>\n<script type=\"application\/ld+json\" class=\"yoast-schema-graph\">{\"@context\":\"https:\\\/\\\/schema.org\",\"@graph\":[{\"@type\":\"Article\",\"@id\":\"https:\\\/\\\/www.information-bruxelles.be\\\/nl\\\/brussel-nieuw-systeem-voor-gespecialiseerde-zorg-voor-resistente-depressies\\\/#article\",\"isPartOf\":{\"@id\":\"https:\\\/\\\/www.information-bruxelles.be\\\/nl\\\/brussel-nieuw-systeem-voor-gespecialiseerde-zorg-voor-resistente-depressies\\\/\"},\"author\":{\"name\":\"Olivier Meynaerts\",\"@id\":\"https:\\\/\\\/www.information-bruxelles.be\\\/nl\\\/#\\\/schema\\\/person\\\/8efd13a6ea16e6e4855480348ab7dfac\"},\"headline\":\"Brussel: nieuw systeem voor gespecialiseerde zorg voor resistente depressies\",\"datePublished\":\"2025-12-10T07:23:14+00:00\",\"mainEntityOfPage\":{\"@id\":\"https:\\\/\\\/www.information-bruxelles.be\\\/nl\\\/brussel-nieuw-systeem-voor-gespecialiseerde-zorg-voor-resistente-depressies\\\/\"},\"wordCount\":744,\"publisher\":{\"@id\":\"https:\\\/\\\/www.information-bruxelles.be\\\/nl\\\/#organization\"},\"image\":{\"@id\":\"https:\\\/\\\/www.information-bruxelles.be\\\/nl\\\/brussel-nieuw-systeem-voor-gespecialiseerde-zorg-voor-resistente-depressies\\\/#primaryimage\"},\"thumbnailUrl\":\"https:\\\/\\\/www.information-bruxelles.be\\\/wp-content\\\/uploads\\\/2025\\\/12\\\/file-17.jpg\",\"articleSection\":[\"Nieuws Brussel\"],\"inLanguage\":\"nl-NL\"},{\"@type\":\"WebPage\",\"@id\":\"https:\\\/\\\/www.information-bruxelles.be\\\/nl\\\/brussel-nieuw-systeem-voor-gespecialiseerde-zorg-voor-resistente-depressies\\\/\",\"url\":\"https:\\\/\\\/www.information-bruxelles.be\\\/nl\\\/brussel-nieuw-systeem-voor-gespecialiseerde-zorg-voor-resistente-depressies\\\/\",\"name\":\"Brussel: nieuw systeem voor gespecialiseerde zorg voor resistente depressies - Information-bruxelles.be\",\"isPartOf\":{\"@id\":\"https:\\\/\\\/www.information-bruxelles.be\\\/nl\\\/#website\"},\"primaryImageOfPage\":{\"@id\":\"https:\\\/\\\/www.information-bruxelles.be\\\/nl\\\/brussel-nieuw-systeem-voor-gespecialiseerde-zorg-voor-resistente-depressies\\\/#primaryimage\"},\"image\":{\"@id\":\"https:\\\/\\\/www.information-bruxelles.be\\\/nl\\\/brussel-nieuw-systeem-voor-gespecialiseerde-zorg-voor-resistente-depressies\\\/#primaryimage\"},\"thumbnailUrl\":\"https:\\\/\\\/www.information-bruxelles.be\\\/wp-content\\\/uploads\\\/2025\\\/12\\\/file-17.jpg\",\"datePublished\":\"2025-12-10T07:23:14+00:00\",\"breadcrumb\":{\"@id\":\"https:\\\/\\\/www.information-bruxelles.be\\\/nl\\\/brussel-nieuw-systeem-voor-gespecialiseerde-zorg-voor-resistente-depressies\\\/#breadcrumb\"},\"inLanguage\":\"nl-NL\",\"potentialAction\":[{\"@type\":\"ReadAction\",\"target\":[\"https:\\\/\\\/www.information-bruxelles.be\\\/nl\\\/brussel-nieuw-systeem-voor-gespecialiseerde-zorg-voor-resistente-depressies\\\/\"]}]},{\"@type\":\"ImageObject\",\"inLanguage\":\"nl-NL\",\"@id\":\"https:\\\/\\\/www.information-bruxelles.be\\\/nl\\\/brussel-nieuw-systeem-voor-gespecialiseerde-zorg-voor-resistente-depressies\\\/#primaryimage\",\"url\":\"https:\\\/\\\/www.information-bruxelles.be\\\/wp-content\\\/uploads\\\/2025\\\/12\\\/file-17.jpg\",\"contentUrl\":\"https:\\\/\\\/www.information-bruxelles.be\\\/wp-content\\\/uploads\\\/2025\\\/12\\\/file-17.jpg\",\"width\":1200,\"height\":686},{\"@type\":\"BreadcrumbList\",\"@id\":\"https:\\\/\\\/www.information-bruxelles.be\\\/nl\\\/brussel-nieuw-systeem-voor-gespecialiseerde-zorg-voor-resistente-depressies\\\/#breadcrumb\",\"itemListElement\":[{\"@type\":\"ListItem\",\"position\":1,\"name\":\"Accueil\",\"item\":\"https:\\\/\\\/www.information-bruxelles.be\\\/nl\\\/\"},{\"@type\":\"ListItem\",\"position\":2,\"name\":\"Ongecategoriseerd\",\"item\":\"https:\\\/\\\/www.information-bruxelles.be\\\/nl\\\/category\\\/ongecategoriseerd\\\/\"},{\"@type\":\"ListItem\",\"position\":3,\"name\":\"Brussel: nieuw systeem voor gespecialiseerde zorg voor resistente depressies\"}]},{\"@type\":\"WebSite\",\"@id\":\"https:\\\/\\\/www.information-bruxelles.be\\\/nl\\\/#website\",\"url\":\"https:\\\/\\\/www.information-bruxelles.be\\\/nl\\\/\",\"name\":\"Information-bruxelles.be\",\"description\":\"Le blog conseil survivaliste\",\"publisher\":{\"@id\":\"https:\\\/\\\/www.information-bruxelles.be\\\/nl\\\/#organization\"},\"potentialAction\":[{\"@type\":\"SearchAction\",\"target\":{\"@type\":\"EntryPoint\",\"urlTemplate\":\"https:\\\/\\\/www.information-bruxelles.be\\\/nl\\\/?s={search_term_string}\"},\"query-input\":{\"@type\":\"PropertyValueSpecification\",\"valueRequired\":true,\"valueName\":\"search_term_string\"}}],\"inLanguage\":\"nl-NL\"},{\"@type\":\"Organization\",\"@id\":\"https:\\\/\\\/www.information-bruxelles.be\\\/nl\\\/#organization\",\"name\":\"Information-bruxelles.be\",\"url\":\"https:\\\/\\\/www.information-bruxelles.be\\\/nl\\\/\",\"logo\":{\"@type\":\"ImageObject\",\"inLanguage\":\"nl-NL\",\"@id\":\"https:\\\/\\\/www.information-bruxelles.be\\\/nl\\\/#\\\/schema\\\/logo\\\/image\\\/\",\"url\":\"\",\"contentUrl\":\"\",\"caption\":\"Information-bruxelles.be\"},\"image\":{\"@id\":\"https:\\\/\\\/www.information-bruxelles.be\\\/nl\\\/#\\\/schema\\\/logo\\\/image\\\/\"}},{\"@type\":\"Person\",\"@id\":\"https:\\\/\\\/www.information-bruxelles.be\\\/nl\\\/#\\\/schema\\\/person\\\/8efd13a6ea16e6e4855480348ab7dfac\",\"name\":\"Olivier Meynaerts\",\"description\":\"Olivier Meynaerts est un \u00e9ditorialiste aguerri avec une exp\u00e9rience dans le domaine de l\u2019analyse et de la critique. Reconnu pour sa capacit\u00e9 \u00e0 interpr\u00e9ter l\u2019actualit\u00e9 avec perspicacit\u00e9, il offre des perspectives \u00e9clair\u00e9es et provocantes. Sa plume incisive et son engagement envers une information de qualit\u00e9 font de lui un leader d\u2019opinion respect\u00e9, guidant notre \u00e9quipe avec d\u00e9termination.\",\"url\":\"https:\\\/\\\/www.information-bruxelles.be\\\/nl\\\/author\\\/olivier-meynaerts\\\/\"}]}<\/script>\n<!-- \/ Yoast SEO plugin. -->","yoast_head_json":{"title":"Brussel: nieuw systeem voor gespecialiseerde zorg voor resistente depressies - Information-bruxelles.be","robots":{"index":"index","follow":"follow","max-snippet":"max-snippet:-1","max-image-preview":"max-image-preview:large","max-video-preview":"max-video-preview:-1"},"canonical":"https:\/\/www.information-bruxelles.be\/nl\/brussel-nieuw-systeem-voor-gespecialiseerde-zorg-voor-resistente-depressies\/","og_locale":"nl_NL","og_type":"article","og_title":"Brussel: nieuw systeem voor gespecialiseerde zorg voor resistente depressies - Information-bruxelles.be","og_description":"Integrale zorg voor resistente depressie in Brussel Omdat een derde van de depressieve pati\u00ebnten niet reageert op conventionele behandelingen, opent het Universitair Ziekenhuis van Brussel (B.U.H.) een polikliniek voor zogenaamde resistente depressies. Het doel is om de ziekte in zijn geheel te behandelen, met behulp van een multidisciplinair team en gecombineerde benaderingen. Resistente depressie, een [&hellip;]","og_url":"https:\/\/www.information-bruxelles.be\/nl\/brussel-nieuw-systeem-voor-gespecialiseerde-zorg-voor-resistente-depressies\/","og_site_name":"Information-bruxelles.be","article_published_time":"2025-12-10T07:23:14+00:00","og_image":[{"width":1200,"height":686,"url":"https:\/\/www.information-bruxelles.be\/wp-content\/uploads\/2025\/12\/file-17.jpg","type":"image\/jpeg"}],"author":"Olivier Meynaerts","twitter_card":"summary_large_image","twitter_misc":{"Geschreven door":"Olivier Meynaerts","Geschatte leestijd":"4 minuten"},"schema":{"@context":"https:\/\/schema.org","@graph":[{"@type":"Article","@id":"https:\/\/www.information-bruxelles.be\/nl\/brussel-nieuw-systeem-voor-gespecialiseerde-zorg-voor-resistente-depressies\/#article","isPartOf":{"@id":"https:\/\/www.information-bruxelles.be\/nl\/brussel-nieuw-systeem-voor-gespecialiseerde-zorg-voor-resistente-depressies\/"},"author":{"name":"Olivier Meynaerts","@id":"https:\/\/www.information-bruxelles.be\/nl\/#\/schema\/person\/8efd13a6ea16e6e4855480348ab7dfac"},"headline":"Brussel: nieuw systeem voor gespecialiseerde zorg voor resistente depressies","datePublished":"2025-12-10T07:23:14+00:00","mainEntityOfPage":{"@id":"https:\/\/www.information-bruxelles.be\/nl\/brussel-nieuw-systeem-voor-gespecialiseerde-zorg-voor-resistente-depressies\/"},"wordCount":744,"publisher":{"@id":"https:\/\/www.information-bruxelles.be\/nl\/#organization"},"image":{"@id":"https:\/\/www.information-bruxelles.be\/nl\/brussel-nieuw-systeem-voor-gespecialiseerde-zorg-voor-resistente-depressies\/#primaryimage"},"thumbnailUrl":"https:\/\/www.information-bruxelles.be\/wp-content\/uploads\/2025\/12\/file-17.jpg","articleSection":["Nieuws Brussel"],"inLanguage":"nl-NL"},{"@type":"WebPage","@id":"https:\/\/www.information-bruxelles.be\/nl\/brussel-nieuw-systeem-voor-gespecialiseerde-zorg-voor-resistente-depressies\/","url":"https:\/\/www.information-bruxelles.be\/nl\/brussel-nieuw-systeem-voor-gespecialiseerde-zorg-voor-resistente-depressies\/","name":"Brussel: nieuw systeem voor gespecialiseerde zorg voor resistente depressies - Information-bruxelles.be","isPartOf":{"@id":"https:\/\/www.information-bruxelles.be\/nl\/#website"},"primaryImageOfPage":{"@id":"https:\/\/www.information-bruxelles.be\/nl\/brussel-nieuw-systeem-voor-gespecialiseerde-zorg-voor-resistente-depressies\/#primaryimage"},"image":{"@id":"https:\/\/www.information-bruxelles.be\/nl\/brussel-nieuw-systeem-voor-gespecialiseerde-zorg-voor-resistente-depressies\/#primaryimage"},"thumbnailUrl":"https:\/\/www.information-bruxelles.be\/wp-content\/uploads\/2025\/12\/file-17.jpg","datePublished":"2025-12-10T07:23:14+00:00","breadcrumb":{"@id":"https:\/\/www.information-bruxelles.be\/nl\/brussel-nieuw-systeem-voor-gespecialiseerde-zorg-voor-resistente-depressies\/#breadcrumb"},"inLanguage":"nl-NL","potentialAction":[{"@type":"ReadAction","target":["https:\/\/www.information-bruxelles.be\/nl\/brussel-nieuw-systeem-voor-gespecialiseerde-zorg-voor-resistente-depressies\/"]}]},{"@type":"ImageObject","inLanguage":"nl-NL","@id":"https:\/\/www.information-bruxelles.be\/nl\/brussel-nieuw-systeem-voor-gespecialiseerde-zorg-voor-resistente-depressies\/#primaryimage","url":"https:\/\/www.information-bruxelles.be\/wp-content\/uploads\/2025\/12\/file-17.jpg","contentUrl":"https:\/\/www.information-bruxelles.be\/wp-content\/uploads\/2025\/12\/file-17.jpg","width":1200,"height":686},{"@type":"BreadcrumbList","@id":"https:\/\/www.information-bruxelles.be\/nl\/brussel-nieuw-systeem-voor-gespecialiseerde-zorg-voor-resistente-depressies\/#breadcrumb","itemListElement":[{"@type":"ListItem","position":1,"name":"Accueil","item":"https:\/\/www.information-bruxelles.be\/nl\/"},{"@type":"ListItem","position":2,"name":"Ongecategoriseerd","item":"https:\/\/www.information-bruxelles.be\/nl\/category\/ongecategoriseerd\/"},{"@type":"ListItem","position":3,"name":"Brussel: nieuw systeem voor gespecialiseerde zorg voor resistente depressies"}]},{"@type":"WebSite","@id":"https:\/\/www.information-bruxelles.be\/nl\/#website","url":"https:\/\/www.information-bruxelles.be\/nl\/","name":"Information-bruxelles.be","description":"Le blog conseil survivaliste","publisher":{"@id":"https:\/\/www.information-bruxelles.be\/nl\/#organization"},"potentialAction":[{"@type":"SearchAction","target":{"@type":"EntryPoint","urlTemplate":"https:\/\/www.information-bruxelles.be\/nl\/?s={search_term_string}"},"query-input":{"@type":"PropertyValueSpecification","valueRequired":true,"valueName":"search_term_string"}}],"inLanguage":"nl-NL"},{"@type":"Organization","@id":"https:\/\/www.information-bruxelles.be\/nl\/#organization","name":"Information-bruxelles.be","url":"https:\/\/www.information-bruxelles.be\/nl\/","logo":{"@type":"ImageObject","inLanguage":"nl-NL","@id":"https:\/\/www.information-bruxelles.be\/nl\/#\/schema\/logo\/image\/","url":"","contentUrl":"","caption":"Information-bruxelles.be"},"image":{"@id":"https:\/\/www.information-bruxelles.be\/nl\/#\/schema\/logo\/image\/"}},{"@type":"Person","@id":"https:\/\/www.information-bruxelles.be\/nl\/#\/schema\/person\/8efd13a6ea16e6e4855480348ab7dfac","name":"Olivier Meynaerts","description":"Olivier Meynaerts est un \u00e9ditorialiste aguerri avec une exp\u00e9rience dans le domaine de l\u2019analyse et de la critique. Reconnu pour sa capacit\u00e9 \u00e0 interpr\u00e9ter l\u2019actualit\u00e9 avec perspicacit\u00e9, il offre des perspectives \u00e9clair\u00e9es et provocantes. Sa plume incisive et son engagement envers une information de qualit\u00e9 font de lui un leader d\u2019opinion respect\u00e9, guidant notre \u00e9quipe avec d\u00e9termination.","url":"https:\/\/www.information-bruxelles.be\/nl\/author\/olivier-meynaerts\/"}]}},"jetpack_featured_media_url":"https:\/\/www.information-bruxelles.be\/wp-content\/uploads\/2025\/12\/file-17.jpg","jetpack_sharing_enabled":true,"_links":{"self":[{"href":"https:\/\/www.information-bruxelles.be\/nl\/wp-json\/wp\/v2\/posts\/10085","targetHints":{"allow":["GET"]}}],"collection":[{"href":"https:\/\/www.information-bruxelles.be\/nl\/wp-json\/wp\/v2\/posts"}],"about":[{"href":"https:\/\/www.information-bruxelles.be\/nl\/wp-json\/wp\/v2\/types\/post"}],"author":[{"embeddable":true,"href":"https:\/\/www.information-bruxelles.be\/nl\/wp-json\/wp\/v2\/users\/14"}],"replies":[{"embeddable":true,"href":"https:\/\/www.information-bruxelles.be\/nl\/wp-json\/wp\/v2\/comments?post=10085"}],"version-history":[{"count":0,"href":"https:\/\/www.information-bruxelles.be\/nl\/wp-json\/wp\/v2\/posts\/10085\/revisions"}],"wp:featuredmedia":[{"embeddable":true,"href":"https:\/\/www.information-bruxelles.be\/nl\/wp-json\/wp\/v2\/media\/10084"}],"wp:attachment":[{"href":"https:\/\/www.information-bruxelles.be\/nl\/wp-json\/wp\/v2\/media?parent=10085"}],"wp:term":[{"taxonomy":"category","embeddable":true,"href":"https:\/\/www.information-bruxelles.be\/nl\/wp-json\/wp\/v2\/categories?post=10085"},{"taxonomy":"post_tag","embeddable":true,"href":"https:\/\/www.information-bruxelles.be\/nl\/wp-json\/wp\/v2\/tags?post=10085"}],"curies":[{"name":"wp","href":"https:\/\/api.w.org\/{rel}","templated":true}]}}