{"id":10074,"date":"2025-12-10T07:08:13","date_gmt":"2025-12-10T07:08:13","guid":{"rendered":"https:\/\/www.information-bruxelles.be\/anderlecht-zakt-af-naar-westerlo-en-deelt-cadeautjes-uit-het-was-een-open-huis-sinterklaas-en-kerstmis\/"},"modified":"2025-12-10T07:08:13","modified_gmt":"2025-12-10T07:08:13","slug":"anderlecht-zakt-af-naar-westerlo-en-deelt-cadeautjes-uit-het-was-een-open-huis-sinterklaas-en-kerstmis","status":"publish","type":"post","link":"https:\/\/www.information-bruxelles.be\/nl\/anderlecht-zakt-af-naar-westerlo-en-deelt-cadeautjes-uit-het-was-een-open-huis-sinterklaas-en-kerstmis\/","title":{"rendered":"Anderlecht zakt af naar Westerlo en deelt cadeautjes uit: &#8220;Het was een open huis, Sinterklaas en Kerstmis&#8221;."},"content":{"rendered":"\n\n<div class=\"kk-star-ratings kksr-auto kksr-align-left kksr-valign-top\"\n    data-payload='{&quot;align&quot;:&quot;left&quot;,&quot;id&quot;:&quot;10074&quot;,&quot;slug&quot;:&quot;default&quot;,&quot;valign&quot;:&quot;top&quot;,&quot;ignore&quot;:&quot;&quot;,&quot;reference&quot;:&quot;auto&quot;,&quot;class&quot;:&quot;&quot;,&quot;count&quot;:&quot;0&quot;,&quot;legendonly&quot;:&quot;&quot;,&quot;readonly&quot;:&quot;&quot;,&quot;score&quot;:&quot;0&quot;,&quot;starsonly&quot;:&quot;&quot;,&quot;best&quot;:&quot;5&quot;,&quot;gap&quot;:&quot;5&quot;,&quot;greet&quot;:&quot;Rate this post&quot;,&quot;legend&quot;:&quot;0\\\/5 - (0 stemmen)&quot;,&quot;size&quot;:&quot;24&quot;,&quot;title&quot;:&quot;Anderlecht zakt af naar Westerlo en deelt cadeautjes uit: \\u0026quot;Het was een open huis, Sinterklaas en Kerstmis\\u0026quot;.&quot;,&quot;width&quot;:&quot;0&quot;,&quot;_legend&quot;:&quot;{score}\\\/{best} - ({count} {votes})&quot;,&quot;font_factor&quot;:&quot;1.25&quot;}'>\n            \n<div class=\"kksr-stars\">\n    \n<div class=\"kksr-stars-inactive\">\n            <div class=\"kksr-star\" data-star=\"1\" style=\"padding-right: 5px\">\n            \n\n<div class=\"kksr-icon\" style=\"width: 24px; height: 24px;\"><\/div>\n        <\/div>\n            <div class=\"kksr-star\" data-star=\"2\" style=\"padding-right: 5px\">\n            \n\n<div class=\"kksr-icon\" style=\"width: 24px; height: 24px;\"><\/div>\n        <\/div>\n            <div class=\"kksr-star\" data-star=\"3\" style=\"padding-right: 5px\">\n            \n\n<div class=\"kksr-icon\" style=\"width: 24px; height: 24px;\"><\/div>\n        <\/div>\n            <div class=\"kksr-star\" data-star=\"4\" style=\"padding-right: 5px\">\n            \n\n<div class=\"kksr-icon\" style=\"width: 24px; height: 24px;\"><\/div>\n        <\/div>\n            <div class=\"kksr-star\" data-star=\"5\" style=\"padding-right: 5px\">\n            \n\n<div class=\"kksr-icon\" style=\"width: 24px; height: 24px;\"><\/div>\n        <\/div>\n    <\/div>\n    \n<div class=\"kksr-stars-active\" style=\"width: 0px;\">\n            <div class=\"kksr-star\" style=\"padding-right: 5px\">\n            \n\n<div class=\"kksr-icon\" style=\"width: 24px; height: 24px;\"><\/div>\n        <\/div>\n            <div class=\"kksr-star\" style=\"padding-right: 5px\">\n            \n\n<div class=\"kksr-icon\" style=\"width: 24px; height: 24px;\"><\/div>\n        <\/div>\n            <div class=\"kksr-star\" style=\"padding-right: 5px\">\n            \n\n<div class=\"kksr-icon\" style=\"width: 24px; height: 24px;\"><\/div>\n        <\/div>\n            <div class=\"kksr-star\" style=\"padding-right: 5px\">\n            \n\n<div class=\"kksr-icon\" style=\"width: 24px; height: 24px;\"><\/div>\n        <\/div>\n            <div class=\"kksr-star\" style=\"padding-right: 5px\">\n            \n\n<div class=\"kksr-icon\" style=\"width: 24px; height: 24px;\"><\/div>\n        <\/div>\n    <\/div>\n<\/div>\n                \n\n<div class=\"kksr-legend\" style=\"font-size: 19.2px;\">\n            <span class=\"kksr-muted\">Rate this post<\/span>\n    <\/div>\n    <\/div>\n<h2>Anderlecht vernederd in Westerlo: een stop die vragen oproept<\/h2>\n<p>Sporting Anderlecht werd met 4-0 verslagen in Westerlo, waardoor hun reeks van zes gewonnen wedstrijden eindigde en ze een kans lieten liggen om op het podium van de Pro League te klimmen. Het debacle roept vragen op over de tactische balans, het leiderschap en de mentale voorbereiding van de club. <\/p>\n<h2>Een ruw ontwaken na een foutloze serie<\/h2>\n<p>Westerlo had slechts 40 seconden nodig om de leiding te nemen en Anderlecht stortte in naarmate de wedstrijd vorderde, met vier tegendoelpunten in het proces. Na zes overwinningen in alle competities kwam het momentum van de Brusselse club dramatisch tot stilstand. De nederlaag kwam op een cruciaal moment in het seizoen, toen Anderlecht zich richtte op het podium en een mogelijke plaats in de Champions League. In de praktijk maakt de langverwachte overwinning van Westerlo - dat sinds 5 oktober niet meer won - de prestatie van Paars des te verrassender.   <\/p>\n<h2>Tactische gebreken en fysieke inferioriteit<\/h2>\n<p>De consultants van La Tribune waren niet zuinig met hun analyse: &#8220;Het was open deuren, Sinterklaas en Kerstmis,&#8221; spotte Swann Borsellino en beschreef het als een &#8220;totale off-day&#8221;. Anderlecht leek fysiek overklast en kon de intensiteit van de thuisploeg niet bedwingen. Het gebrek aan evenwicht tussen aanvallende fases en defensieve dekking cre\u00eberde gaten die meedogenloos werden uitgebuit. Besnik Hasi&#8217;s tactische keuzes werden in dit opzicht in vraag gesteld: zijn opstelling vertraagde de snelle transities van Westerlo niet en stelde hem ook niet in staat om de bal te houden om het tempo te drukken.   <\/p>\n<h2>Leiderschap in twijfel<\/h2>\n<p>Aanvoerder Colin Coosemans, ogenschijnlijk verantwoordelijk voor het eerste doelpunt, maakte daarna wat goed, maar zijn eerste fout symboliseerde het gebrek aan controle van de groep. &#8220;Zelfs als het 1-0 was gebleven tot de 89e minuut, dan was Anderlecht nooit terug in de wedstrijd gekomen,&#8221; voegde Vincent Langendries eraan toe, om de psychologische impact van een slechte start te onderstrepen. In de praktijk leek de mentale voorbereiding onvoldoende om zo&#8217;n vroege blikseminslag op te vangen. C\u00e9cile De Gernier is van mening dat de staf &#8220;een stabielere balans&#8221; moet vinden om te voorkomen dat het vertrouwen zo snel wegzakt.   <\/p>\n<h2>Gevolgen voor rangschikking en dynamiek<\/h2>\n<p>Op lange termijn werpt deze nederlaag een smet op de ambities van Anderlecht. Anderlecht, gedegradeerd met enkele punten achterstand op Club Brugge, heeft een kostbare bal verloren in de race om de tweede plaats. Vanuit psychologisch oogpunt moet de ploeg het ketting-verlies-syndroom vermijden. Het behouden van een goede tegenhanger als Besnik Hasi of het overwegen van een meer radicale aanpassing zal een van de dilemma&#8217;s van de wintermercato zijn. Ondertussen wordt de Pro League steeds krapper en de kleinste onnauwkeurigheid kan hen de race om de Europese plaatsen kosten.    <\/p>\n<h2>Reacties en mogelijke aanpassingen<\/h2>\n<p>Op de set van La Tribune werden verschillende werkgebieden besproken. Ten eerste, het versterken van het middenveld om de versnelling van de tegenstander te beperken en vervolgens het verbeteren van de defensieve soliditeit met het oog op een druk schema. De staf zou ook het beheer van de grote wedstrijden na het begin van elke wedstrijd kunnen heroverwegen: het gebrek aan aandacht bij de aftrap compenseren en de sequenties van balbezit vari\u00ebren. Tot slot is de rol van Coosemans als leider benadrukt. Moet hij de armband behouden of zijn status afstaan aan iemand die consistenter is in zijn inspanningen?   <\/p>\n<h2>Vooruitzichten en open vragen<\/h2>\n<p>Op korte termijn keert Anderlecht terug naar de kleedkamer om antwoorden te zoeken: hoe hervind je de cohesie na zo&#8217;n debacle? Welke tactische aanpassingen kunnen snel doorgevoerd worden om een neerwaartse spiraal te vermijden? Meer in het algemeen, onthult deze tegenslag een indirecte zwakte of structurele zwakheden in het Paarse project? Het valt nog af te wachten of Besnik Hasi in staat zal zijn om de zaken om te draaien voor de winterstop, en of de club het vertrouwen zal herwinnen dat zo essentieel is voor hun zoektocht naar een podiumplaats en een plaats in de Champions League.   <\/p>\n","protected":false},"excerpt":{"rendered":"<p>Anderlecht vernederd in Westerlo: een stop die vragen oproept Sporting Anderlecht werd met 4-0 verslagen in Westerlo, waardoor hun reeks van zes gewonnen wedstrijden eindigde en ze een kans lieten liggen om op het podium van de Pro League te klimmen. Het debacle roept vragen op over de tactische balans, het leiderschap en de mentale [&hellip;]<\/p>\n","protected":false},"author":14,"featured_media":10073,"comment_status":"closed","ping_status":"closed","sticky":false,"template":"","format":"standard","meta":{"_et_pb_use_builder":"","_et_pb_old_content":"","_et_gb_content_width":"","_jetpack_memberships_contains_paid_content":false,"footnotes":""},"categories":[281,288],"tags":[],"class_list":["post-10074","post","type-post","status-publish","format-standard","has-post-thumbnail","hentry","category-cultuur-vrije-tijd-in-brussel","category-nieuws-brussel"],"yoast_head":"<!-- This site is optimized with the Yoast SEO plugin v27.5 - https:\/\/yoast.com\/product\/yoast-seo-wordpress\/ -->\n<title>Anderlecht zakt af naar Westerlo en deelt cadeautjes uit: &quot;Het was een open huis, Sinterklaas en Kerstmis&quot;. - Information-bruxelles.be<\/title>\n<meta name=\"robots\" content=\"index, follow, max-snippet:-1, max-image-preview:large, max-video-preview:-1\" \/>\n<link rel=\"canonical\" href=\"https:\/\/www.information-bruxelles.be\/nl\/anderlecht-zakt-af-naar-westerlo-en-deelt-cadeautjes-uit-het-was-een-open-huis-sinterklaas-en-kerstmis\/\" \/>\n<meta property=\"og:locale\" content=\"nl_NL\" \/>\n<meta property=\"og:type\" content=\"article\" \/>\n<meta property=\"og:title\" content=\"Anderlecht zakt af naar Westerlo en deelt cadeautjes uit: &quot;Het was een open huis, Sinterklaas en Kerstmis&quot;. - Information-bruxelles.be\" \/>\n<meta property=\"og:description\" content=\"Anderlecht vernederd in Westerlo: een stop die vragen oproept Sporting Anderlecht werd met 4-0 verslagen in Westerlo, waardoor hun reeks van zes gewonnen wedstrijden eindigde en ze een kans lieten liggen om op het podium van de Pro League te klimmen. Het debacle roept vragen op over de tactische balans, het leiderschap en de mentale [&hellip;]\" \/>\n<meta property=\"og:url\" content=\"https:\/\/www.information-bruxelles.be\/nl\/anderlecht-zakt-af-naar-westerlo-en-deelt-cadeautjes-uit-het-was-een-open-huis-sinterklaas-en-kerstmis\/\" \/>\n<meta property=\"og:site_name\" content=\"Information-bruxelles.be\" \/>\n<meta property=\"article:published_time\" content=\"2025-12-10T07:08:13+00:00\" \/>\n<meta property=\"og:image\" content=\"https:\/\/www.information-bruxelles.be\/wp-content\/uploads\/2025\/12\/file-14.jpg\" \/>\n\t<meta property=\"og:image:width\" content=\"1200\" \/>\n\t<meta property=\"og:image:height\" content=\"686\" \/>\n\t<meta property=\"og:image:type\" content=\"image\/jpeg\" \/>\n<meta name=\"author\" content=\"Olivier Meynaerts\" \/>\n<meta name=\"twitter:card\" content=\"summary_large_image\" \/>\n<meta name=\"twitter:label1\" content=\"Geschreven door\" \/>\n\t<meta name=\"twitter:data1\" content=\"Olivier Meynaerts\" \/>\n\t<meta name=\"twitter:label2\" content=\"Geschatte leestijd\" \/>\n\t<meta name=\"twitter:data2\" content=\"3 minuten\" \/>\n<script type=\"application\/ld+json\" class=\"yoast-schema-graph\">{\"@context\":\"https:\\\/\\\/schema.org\",\"@graph\":[{\"@type\":\"Article\",\"@id\":\"https:\\\/\\\/www.information-bruxelles.be\\\/nl\\\/anderlecht-zakt-af-naar-westerlo-en-deelt-cadeautjes-uit-het-was-een-open-huis-sinterklaas-en-kerstmis\\\/#article\",\"isPartOf\":{\"@id\":\"https:\\\/\\\/www.information-bruxelles.be\\\/nl\\\/anderlecht-zakt-af-naar-westerlo-en-deelt-cadeautjes-uit-het-was-een-open-huis-sinterklaas-en-kerstmis\\\/\"},\"author\":{\"name\":\"Olivier Meynaerts\",\"@id\":\"https:\\\/\\\/www.information-bruxelles.be\\\/nl\\\/#\\\/schema\\\/person\\\/8efd13a6ea16e6e4855480348ab7dfac\"},\"headline\":\"Anderlecht zakt af naar Westerlo en deelt cadeautjes uit: &#8220;Het was een open huis, Sinterklaas en Kerstmis&#8221;.\",\"datePublished\":\"2025-12-10T07:08:13+00:00\",\"mainEntityOfPage\":{\"@id\":\"https:\\\/\\\/www.information-bruxelles.be\\\/nl\\\/anderlecht-zakt-af-naar-westerlo-en-deelt-cadeautjes-uit-het-was-een-open-huis-sinterklaas-en-kerstmis\\\/\"},\"wordCount\":677,\"publisher\":{\"@id\":\"https:\\\/\\\/www.information-bruxelles.be\\\/nl\\\/#organization\"},\"image\":{\"@id\":\"https:\\\/\\\/www.information-bruxelles.be\\\/nl\\\/anderlecht-zakt-af-naar-westerlo-en-deelt-cadeautjes-uit-het-was-een-open-huis-sinterklaas-en-kerstmis\\\/#primaryimage\"},\"thumbnailUrl\":\"https:\\\/\\\/www.information-bruxelles.be\\\/wp-content\\\/uploads\\\/2025\\\/12\\\/file-14.jpg\",\"articleSection\":[\"Cultuur &amp; vrije tijd in Brussel\",\"Nieuws Brussel\"],\"inLanguage\":\"nl-NL\"},{\"@type\":\"WebPage\",\"@id\":\"https:\\\/\\\/www.information-bruxelles.be\\\/nl\\\/anderlecht-zakt-af-naar-westerlo-en-deelt-cadeautjes-uit-het-was-een-open-huis-sinterklaas-en-kerstmis\\\/\",\"url\":\"https:\\\/\\\/www.information-bruxelles.be\\\/nl\\\/anderlecht-zakt-af-naar-westerlo-en-deelt-cadeautjes-uit-het-was-een-open-huis-sinterklaas-en-kerstmis\\\/\",\"name\":\"Anderlecht zakt af naar Westerlo en deelt cadeautjes uit: \\\"Het was een open huis, Sinterklaas en Kerstmis\\\". - Information-bruxelles.be\",\"isPartOf\":{\"@id\":\"https:\\\/\\\/www.information-bruxelles.be\\\/nl\\\/#website\"},\"primaryImageOfPage\":{\"@id\":\"https:\\\/\\\/www.information-bruxelles.be\\\/nl\\\/anderlecht-zakt-af-naar-westerlo-en-deelt-cadeautjes-uit-het-was-een-open-huis-sinterklaas-en-kerstmis\\\/#primaryimage\"},\"image\":{\"@id\":\"https:\\\/\\\/www.information-bruxelles.be\\\/nl\\\/anderlecht-zakt-af-naar-westerlo-en-deelt-cadeautjes-uit-het-was-een-open-huis-sinterklaas-en-kerstmis\\\/#primaryimage\"},\"thumbnailUrl\":\"https:\\\/\\\/www.information-bruxelles.be\\\/wp-content\\\/uploads\\\/2025\\\/12\\\/file-14.jpg\",\"datePublished\":\"2025-12-10T07:08:13+00:00\",\"breadcrumb\":{\"@id\":\"https:\\\/\\\/www.information-bruxelles.be\\\/nl\\\/anderlecht-zakt-af-naar-westerlo-en-deelt-cadeautjes-uit-het-was-een-open-huis-sinterklaas-en-kerstmis\\\/#breadcrumb\"},\"inLanguage\":\"nl-NL\",\"potentialAction\":[{\"@type\":\"ReadAction\",\"target\":[\"https:\\\/\\\/www.information-bruxelles.be\\\/nl\\\/anderlecht-zakt-af-naar-westerlo-en-deelt-cadeautjes-uit-het-was-een-open-huis-sinterklaas-en-kerstmis\\\/\"]}]},{\"@type\":\"ImageObject\",\"inLanguage\":\"nl-NL\",\"@id\":\"https:\\\/\\\/www.information-bruxelles.be\\\/nl\\\/anderlecht-zakt-af-naar-westerlo-en-deelt-cadeautjes-uit-het-was-een-open-huis-sinterklaas-en-kerstmis\\\/#primaryimage\",\"url\":\"https:\\\/\\\/www.information-bruxelles.be\\\/wp-content\\\/uploads\\\/2025\\\/12\\\/file-14.jpg\",\"contentUrl\":\"https:\\\/\\\/www.information-bruxelles.be\\\/wp-content\\\/uploads\\\/2025\\\/12\\\/file-14.jpg\",\"width\":1200,\"height\":686},{\"@type\":\"BreadcrumbList\",\"@id\":\"https:\\\/\\\/www.information-bruxelles.be\\\/nl\\\/anderlecht-zakt-af-naar-westerlo-en-deelt-cadeautjes-uit-het-was-een-open-huis-sinterklaas-en-kerstmis\\\/#breadcrumb\",\"itemListElement\":[{\"@type\":\"ListItem\",\"position\":1,\"name\":\"Accueil\",\"item\":\"https:\\\/\\\/www.information-bruxelles.be\\\/nl\\\/\"},{\"@type\":\"ListItem\",\"position\":2,\"name\":\"Ongecategoriseerd\",\"item\":\"https:\\\/\\\/www.information-bruxelles.be\\\/nl\\\/category\\\/ongecategoriseerd\\\/\"},{\"@type\":\"ListItem\",\"position\":3,\"name\":\"Anderlecht zakt af naar Westerlo en deelt cadeautjes uit: &#8220;Het was een open huis, Sinterklaas en Kerstmis&#8221;.\"}]},{\"@type\":\"WebSite\",\"@id\":\"https:\\\/\\\/www.information-bruxelles.be\\\/nl\\\/#website\",\"url\":\"https:\\\/\\\/www.information-bruxelles.be\\\/nl\\\/\",\"name\":\"Information-bruxelles.be\",\"description\":\"Le blog conseil survivaliste\",\"publisher\":{\"@id\":\"https:\\\/\\\/www.information-bruxelles.be\\\/nl\\\/#organization\"},\"potentialAction\":[{\"@type\":\"SearchAction\",\"target\":{\"@type\":\"EntryPoint\",\"urlTemplate\":\"https:\\\/\\\/www.information-bruxelles.be\\\/nl\\\/?s={search_term_string}\"},\"query-input\":{\"@type\":\"PropertyValueSpecification\",\"valueRequired\":true,\"valueName\":\"search_term_string\"}}],\"inLanguage\":\"nl-NL\"},{\"@type\":\"Organization\",\"@id\":\"https:\\\/\\\/www.information-bruxelles.be\\\/nl\\\/#organization\",\"name\":\"Information-bruxelles.be\",\"url\":\"https:\\\/\\\/www.information-bruxelles.be\\\/nl\\\/\",\"logo\":{\"@type\":\"ImageObject\",\"inLanguage\":\"nl-NL\",\"@id\":\"https:\\\/\\\/www.information-bruxelles.be\\\/nl\\\/#\\\/schema\\\/logo\\\/image\\\/\",\"url\":\"\",\"contentUrl\":\"\",\"caption\":\"Information-bruxelles.be\"},\"image\":{\"@id\":\"https:\\\/\\\/www.information-bruxelles.be\\\/nl\\\/#\\\/schema\\\/logo\\\/image\\\/\"}},{\"@type\":\"Person\",\"@id\":\"https:\\\/\\\/www.information-bruxelles.be\\\/nl\\\/#\\\/schema\\\/person\\\/8efd13a6ea16e6e4855480348ab7dfac\",\"name\":\"Olivier Meynaerts\",\"description\":\"Olivier Meynaerts est un \u00e9ditorialiste aguerri avec une exp\u00e9rience dans le domaine de l\u2019analyse et de la critique. Reconnu pour sa capacit\u00e9 \u00e0 interpr\u00e9ter l\u2019actualit\u00e9 avec perspicacit\u00e9, il offre des perspectives \u00e9clair\u00e9es et provocantes. Sa plume incisive et son engagement envers une information de qualit\u00e9 font de lui un leader d\u2019opinion respect\u00e9, guidant notre \u00e9quipe avec d\u00e9termination.\",\"url\":\"https:\\\/\\\/www.information-bruxelles.be\\\/nl\\\/author\\\/olivier-meynaerts\\\/\"}]}<\/script>\n<!-- \/ Yoast SEO plugin. -->","yoast_head_json":{"title":"Anderlecht zakt af naar Westerlo en deelt cadeautjes uit: \"Het was een open huis, Sinterklaas en Kerstmis\". - Information-bruxelles.be","robots":{"index":"index","follow":"follow","max-snippet":"max-snippet:-1","max-image-preview":"max-image-preview:large","max-video-preview":"max-video-preview:-1"},"canonical":"https:\/\/www.information-bruxelles.be\/nl\/anderlecht-zakt-af-naar-westerlo-en-deelt-cadeautjes-uit-het-was-een-open-huis-sinterklaas-en-kerstmis\/","og_locale":"nl_NL","og_type":"article","og_title":"Anderlecht zakt af naar Westerlo en deelt cadeautjes uit: \"Het was een open huis, Sinterklaas en Kerstmis\". - Information-bruxelles.be","og_description":"Anderlecht vernederd in Westerlo: een stop die vragen oproept Sporting Anderlecht werd met 4-0 verslagen in Westerlo, waardoor hun reeks van zes gewonnen wedstrijden eindigde en ze een kans lieten liggen om op het podium van de Pro League te klimmen. Het debacle roept vragen op over de tactische balans, het leiderschap en de mentale [&hellip;]","og_url":"https:\/\/www.information-bruxelles.be\/nl\/anderlecht-zakt-af-naar-westerlo-en-deelt-cadeautjes-uit-het-was-een-open-huis-sinterklaas-en-kerstmis\/","og_site_name":"Information-bruxelles.be","article_published_time":"2025-12-10T07:08:13+00:00","og_image":[{"width":1200,"height":686,"url":"https:\/\/www.information-bruxelles.be\/wp-content\/uploads\/2025\/12\/file-14.jpg","type":"image\/jpeg"}],"author":"Olivier Meynaerts","twitter_card":"summary_large_image","twitter_misc":{"Geschreven door":"Olivier Meynaerts","Geschatte leestijd":"3 minuten"},"schema":{"@context":"https:\/\/schema.org","@graph":[{"@type":"Article","@id":"https:\/\/www.information-bruxelles.be\/nl\/anderlecht-zakt-af-naar-westerlo-en-deelt-cadeautjes-uit-het-was-een-open-huis-sinterklaas-en-kerstmis\/#article","isPartOf":{"@id":"https:\/\/www.information-bruxelles.be\/nl\/anderlecht-zakt-af-naar-westerlo-en-deelt-cadeautjes-uit-het-was-een-open-huis-sinterklaas-en-kerstmis\/"},"author":{"name":"Olivier Meynaerts","@id":"https:\/\/www.information-bruxelles.be\/nl\/#\/schema\/person\/8efd13a6ea16e6e4855480348ab7dfac"},"headline":"Anderlecht zakt af naar Westerlo en deelt cadeautjes uit: &#8220;Het was een open huis, Sinterklaas en Kerstmis&#8221;.","datePublished":"2025-12-10T07:08:13+00:00","mainEntityOfPage":{"@id":"https:\/\/www.information-bruxelles.be\/nl\/anderlecht-zakt-af-naar-westerlo-en-deelt-cadeautjes-uit-het-was-een-open-huis-sinterklaas-en-kerstmis\/"},"wordCount":677,"publisher":{"@id":"https:\/\/www.information-bruxelles.be\/nl\/#organization"},"image":{"@id":"https:\/\/www.information-bruxelles.be\/nl\/anderlecht-zakt-af-naar-westerlo-en-deelt-cadeautjes-uit-het-was-een-open-huis-sinterklaas-en-kerstmis\/#primaryimage"},"thumbnailUrl":"https:\/\/www.information-bruxelles.be\/wp-content\/uploads\/2025\/12\/file-14.jpg","articleSection":["Cultuur &amp; vrije tijd in Brussel","Nieuws Brussel"],"inLanguage":"nl-NL"},{"@type":"WebPage","@id":"https:\/\/www.information-bruxelles.be\/nl\/anderlecht-zakt-af-naar-westerlo-en-deelt-cadeautjes-uit-het-was-een-open-huis-sinterklaas-en-kerstmis\/","url":"https:\/\/www.information-bruxelles.be\/nl\/anderlecht-zakt-af-naar-westerlo-en-deelt-cadeautjes-uit-het-was-een-open-huis-sinterklaas-en-kerstmis\/","name":"Anderlecht zakt af naar Westerlo en deelt cadeautjes uit: \"Het was een open huis, Sinterklaas en Kerstmis\". - Information-bruxelles.be","isPartOf":{"@id":"https:\/\/www.information-bruxelles.be\/nl\/#website"},"primaryImageOfPage":{"@id":"https:\/\/www.information-bruxelles.be\/nl\/anderlecht-zakt-af-naar-westerlo-en-deelt-cadeautjes-uit-het-was-een-open-huis-sinterklaas-en-kerstmis\/#primaryimage"},"image":{"@id":"https:\/\/www.information-bruxelles.be\/nl\/anderlecht-zakt-af-naar-westerlo-en-deelt-cadeautjes-uit-het-was-een-open-huis-sinterklaas-en-kerstmis\/#primaryimage"},"thumbnailUrl":"https:\/\/www.information-bruxelles.be\/wp-content\/uploads\/2025\/12\/file-14.jpg","datePublished":"2025-12-10T07:08:13+00:00","breadcrumb":{"@id":"https:\/\/www.information-bruxelles.be\/nl\/anderlecht-zakt-af-naar-westerlo-en-deelt-cadeautjes-uit-het-was-een-open-huis-sinterklaas-en-kerstmis\/#breadcrumb"},"inLanguage":"nl-NL","potentialAction":[{"@type":"ReadAction","target":["https:\/\/www.information-bruxelles.be\/nl\/anderlecht-zakt-af-naar-westerlo-en-deelt-cadeautjes-uit-het-was-een-open-huis-sinterklaas-en-kerstmis\/"]}]},{"@type":"ImageObject","inLanguage":"nl-NL","@id":"https:\/\/www.information-bruxelles.be\/nl\/anderlecht-zakt-af-naar-westerlo-en-deelt-cadeautjes-uit-het-was-een-open-huis-sinterklaas-en-kerstmis\/#primaryimage","url":"https:\/\/www.information-bruxelles.be\/wp-content\/uploads\/2025\/12\/file-14.jpg","contentUrl":"https:\/\/www.information-bruxelles.be\/wp-content\/uploads\/2025\/12\/file-14.jpg","width":1200,"height":686},{"@type":"BreadcrumbList","@id":"https:\/\/www.information-bruxelles.be\/nl\/anderlecht-zakt-af-naar-westerlo-en-deelt-cadeautjes-uit-het-was-een-open-huis-sinterklaas-en-kerstmis\/#breadcrumb","itemListElement":[{"@type":"ListItem","position":1,"name":"Accueil","item":"https:\/\/www.information-bruxelles.be\/nl\/"},{"@type":"ListItem","position":2,"name":"Ongecategoriseerd","item":"https:\/\/www.information-bruxelles.be\/nl\/category\/ongecategoriseerd\/"},{"@type":"ListItem","position":3,"name":"Anderlecht zakt af naar Westerlo en deelt cadeautjes uit: &#8220;Het was een open huis, Sinterklaas en Kerstmis&#8221;."}]},{"@type":"WebSite","@id":"https:\/\/www.information-bruxelles.be\/nl\/#website","url":"https:\/\/www.information-bruxelles.be\/nl\/","name":"Information-bruxelles.be","description":"Le blog conseil survivaliste","publisher":{"@id":"https:\/\/www.information-bruxelles.be\/nl\/#organization"},"potentialAction":[{"@type":"SearchAction","target":{"@type":"EntryPoint","urlTemplate":"https:\/\/www.information-bruxelles.be\/nl\/?s={search_term_string}"},"query-input":{"@type":"PropertyValueSpecification","valueRequired":true,"valueName":"search_term_string"}}],"inLanguage":"nl-NL"},{"@type":"Organization","@id":"https:\/\/www.information-bruxelles.be\/nl\/#organization","name":"Information-bruxelles.be","url":"https:\/\/www.information-bruxelles.be\/nl\/","logo":{"@type":"ImageObject","inLanguage":"nl-NL","@id":"https:\/\/www.information-bruxelles.be\/nl\/#\/schema\/logo\/image\/","url":"","contentUrl":"","caption":"Information-bruxelles.be"},"image":{"@id":"https:\/\/www.information-bruxelles.be\/nl\/#\/schema\/logo\/image\/"}},{"@type":"Person","@id":"https:\/\/www.information-bruxelles.be\/nl\/#\/schema\/person\/8efd13a6ea16e6e4855480348ab7dfac","name":"Olivier Meynaerts","description":"Olivier Meynaerts est un \u00e9ditorialiste aguerri avec une exp\u00e9rience dans le domaine de l\u2019analyse et de la critique. Reconnu pour sa capacit\u00e9 \u00e0 interpr\u00e9ter l\u2019actualit\u00e9 avec perspicacit\u00e9, il offre des perspectives \u00e9clair\u00e9es et provocantes. Sa plume incisive et son engagement envers une information de qualit\u00e9 font de lui un leader d\u2019opinion respect\u00e9, guidant notre \u00e9quipe avec d\u00e9termination.","url":"https:\/\/www.information-bruxelles.be\/nl\/author\/olivier-meynaerts\/"}]}},"jetpack_featured_media_url":"https:\/\/www.information-bruxelles.be\/wp-content\/uploads\/2025\/12\/file-14.jpg","jetpack_sharing_enabled":true,"_links":{"self":[{"href":"https:\/\/www.information-bruxelles.be\/nl\/wp-json\/wp\/v2\/posts\/10074","targetHints":{"allow":["GET"]}}],"collection":[{"href":"https:\/\/www.information-bruxelles.be\/nl\/wp-json\/wp\/v2\/posts"}],"about":[{"href":"https:\/\/www.information-bruxelles.be\/nl\/wp-json\/wp\/v2\/types\/post"}],"author":[{"embeddable":true,"href":"https:\/\/www.information-bruxelles.be\/nl\/wp-json\/wp\/v2\/users\/14"}],"replies":[{"embeddable":true,"href":"https:\/\/www.information-bruxelles.be\/nl\/wp-json\/wp\/v2\/comments?post=10074"}],"version-history":[{"count":0,"href":"https:\/\/www.information-bruxelles.be\/nl\/wp-json\/wp\/v2\/posts\/10074\/revisions"}],"wp:featuredmedia":[{"embeddable":true,"href":"https:\/\/www.information-bruxelles.be\/nl\/wp-json\/wp\/v2\/media\/10073"}],"wp:attachment":[{"href":"https:\/\/www.information-bruxelles.be\/nl\/wp-json\/wp\/v2\/media?parent=10074"}],"wp:term":[{"taxonomy":"category","embeddable":true,"href":"https:\/\/www.information-bruxelles.be\/nl\/wp-json\/wp\/v2\/categories?post=10074"},{"taxonomy":"post_tag","embeddable":true,"href":"https:\/\/www.information-bruxelles.be\/nl\/wp-json\/wp\/v2\/tags?post=10074"}],"curies":[{"name":"wp","href":"https:\/\/api.w.org\/{rel}","templated":true}]}}