{"id":10067,"date":"2025-12-09T07:06:34","date_gmt":"2025-12-09T07:06:34","guid":{"rendered":"https:\/\/www.information-bruxelles.be\/brand-in-een-flat-in-ukkel-een-vrouw-overlijdt\/"},"modified":"2025-12-09T07:06:34","modified_gmt":"2025-12-09T07:06:34","slug":"brand-in-een-flat-in-ukkel-een-vrouw-overlijdt","status":"publish","type":"post","link":"https:\/\/www.information-bruxelles.be\/nl\/brand-in-een-flat-in-ukkel-een-vrouw-overlijdt\/","title":{"rendered":"Brand in een flat in Ukkel: een vrouw overlijdt"},"content":{"rendered":"\n\n<div class=\"kk-star-ratings kksr-auto kksr-align-left kksr-valign-top\"\n    data-payload='{&quot;align&quot;:&quot;left&quot;,&quot;id&quot;:&quot;10067&quot;,&quot;slug&quot;:&quot;default&quot;,&quot;valign&quot;:&quot;top&quot;,&quot;ignore&quot;:&quot;&quot;,&quot;reference&quot;:&quot;auto&quot;,&quot;class&quot;:&quot;&quot;,&quot;count&quot;:&quot;0&quot;,&quot;legendonly&quot;:&quot;&quot;,&quot;readonly&quot;:&quot;&quot;,&quot;score&quot;:&quot;0&quot;,&quot;starsonly&quot;:&quot;&quot;,&quot;best&quot;:&quot;5&quot;,&quot;gap&quot;:&quot;5&quot;,&quot;greet&quot;:&quot;Rate this post&quot;,&quot;legend&quot;:&quot;0\\\/5 - (0 stemmen)&quot;,&quot;size&quot;:&quot;24&quot;,&quot;title&quot;:&quot;Brand in een flat in Ukkel: een vrouw overlijdt&quot;,&quot;width&quot;:&quot;0&quot;,&quot;_legend&quot;:&quot;{score}\\\/{best} - ({count} {votes})&quot;,&quot;font_factor&quot;:&quot;1.25&quot;}'>\n            \n<div class=\"kksr-stars\">\n    \n<div class=\"kksr-stars-inactive\">\n            <div class=\"kksr-star\" data-star=\"1\" style=\"padding-right: 5px\">\n            \n\n<div class=\"kksr-icon\" style=\"width: 24px; height: 24px;\"><\/div>\n        <\/div>\n            <div class=\"kksr-star\" data-star=\"2\" style=\"padding-right: 5px\">\n            \n\n<div class=\"kksr-icon\" style=\"width: 24px; height: 24px;\"><\/div>\n        <\/div>\n            <div class=\"kksr-star\" data-star=\"3\" style=\"padding-right: 5px\">\n            \n\n<div class=\"kksr-icon\" style=\"width: 24px; height: 24px;\"><\/div>\n        <\/div>\n            <div class=\"kksr-star\" data-star=\"4\" style=\"padding-right: 5px\">\n            \n\n<div class=\"kksr-icon\" style=\"width: 24px; height: 24px;\"><\/div>\n        <\/div>\n            <div class=\"kksr-star\" data-star=\"5\" style=\"padding-right: 5px\">\n            \n\n<div class=\"kksr-icon\" style=\"width: 24px; height: 24px;\"><\/div>\n        <\/div>\n    <\/div>\n    \n<div class=\"kksr-stars-active\" style=\"width: 0px;\">\n            <div class=\"kksr-star\" style=\"padding-right: 5px\">\n            \n\n<div class=\"kksr-icon\" style=\"width: 24px; height: 24px;\"><\/div>\n        <\/div>\n            <div class=\"kksr-star\" style=\"padding-right: 5px\">\n            \n\n<div class=\"kksr-icon\" style=\"width: 24px; height: 24px;\"><\/div>\n        <\/div>\n            <div class=\"kksr-star\" style=\"padding-right: 5px\">\n            \n\n<div class=\"kksr-icon\" style=\"width: 24px; height: 24px;\"><\/div>\n        <\/div>\n            <div class=\"kksr-star\" style=\"padding-right: 5px\">\n            \n\n<div class=\"kksr-icon\" style=\"width: 24px; height: 24px;\"><\/div>\n        <\/div>\n            <div class=\"kksr-star\" style=\"padding-right: 5px\">\n            \n\n<div class=\"kksr-icon\" style=\"width: 24px; height: 24px;\"><\/div>\n        <\/div>\n    <\/div>\n<\/div>\n                \n\n<div class=\"kksr-legend\" style=\"font-size: 19.2px;\">\n            <span class=\"kksr-muted\">Rate this post<\/span>\n    <\/div>\n    <\/div>\n<h2>Dodelijke brand in Ukkel: veiligheid in woningen op de proef gesteld<\/h2>\n<p>Op 8 december brak rond 19.20 uur brand uit in een flat op de 6e verdieping aan de Winston Churchilllaan in Ukkel, waarbij een vrouw om het leven kwam ondanks de snelle hulpdiensten. Deze tragedie bracht het debat over de preventie van woningbranden en de interventiemogelijkheden van de brandweer in de Belgische hoofdstad opnieuw op gang. <\/p>\n<h2>De Ukkel tragedie in detail<\/h2>\n<p>Rond 19.20 uur werd de Brusselse brandweer, ondersteund door de medische hulpdiensten en de politie van Marlow, opgeroepen voor een brand in de achtergevel van de 6e verdieping van een gebouw van acht verdiepingen. De deur van de brandende flat werd snel opengebroken om een aanval van binnenuit mogelijk te maken. Tegelijkertijd werd een bewoner op de 8e verdieping ge\u00ebvacueerd met behulp van een luchtladder. Tijdens de verkenning van de beschadigde flat werd een vrouw bewusteloos aangetroffen. De medische teams voerden gedurende 50 minuten langdurige reanimatie uit, maar konden haar niet redden. De operatie eindigde rond 21.00 uur. De woning werd onbewoonbaar verklaard, de elektriciteitsvoorziening werd afgesneden en de ventilatie werd gecontroleerd om de andere verdiepingen veilig te stellen. De oorzaak van de brand is nog niet bekend.       <\/p>\n<h2>Woningbranden in Brussel: problemen en mogelijke oorzaken<\/h2>\n<p>Elk jaar registreert Brussel enkele honderden reacties op woningbranden. Concreet houden de incidenten vaak verband met het falen van elektrische apparaten, slecht onderhouden ruimteverwarmers of onachtzaamheid, zoals het bewaren van brandbare materialen in de buurt van warmtebronnen. In de winter, van december tot februari, verhoogt het massale gebruik van radiatoren en warmwaterkruiken de risico&#8217;s aanzienlijk. In een woningbestand dat bestaat uit oude gebouwen waarvoor soms verouderde veiligheidsnormen gelden, is het risico nog groter. Afgezien van technische redenen, blijft het bewustzijn onder bewoners ongelijk, afhankelijk van de leeftijd van de gebouwen en het informatieniveau dat beschikbaar is voor huishoudens.    <\/p>\n<h2>Brandweer reageert op personeelstekort<\/h2>\n<p>Slechts twee maanden eerder, ten tijde van de grote brand in Ganshoren, had de Brusselse brandweer gewaarschuwd voor een gebrek aan personeel om meerdere grootschalige operaties tegelijk uit te voeren. Ook hier doet de reactietijd - ongeveer 40 minuten om de deur open te breken, de luchtladder op te stellen en een binnenaanval uit te voeren - de vraag rijzen naar de toereikendheid van de middelen. In de praktijk telt elke minuut om de verspreiding van het vuur te beperken en de evacuatie van de bewoners te verzekeren. Ondanks hun professionalisme hebben de teams soms moeite om het tempo erin te houden wanneer er zich in de Brusselse regio meerdere rampen tegelijk voordoen.   <\/p>\n<h2>Veiligheidsnormen en -preventie in meergezinswoningen<\/h2>\n<p>Brandveiligheidsvoorschriften vereisen rookmelders, brandblussers en duidelijke nooduitgangen. Controles op de naleving kunnen echter jaren uit elkaar liggen, waardoor er ruimte is voor tekortkomingen. Volgens de gewestelijke wetgeving moeten flatgebouwen regelmatige inspecties organiseren en de bewoners informeren over wat ze moeten doen in geval van brand. Ongeveer 30% van de gebouwen in Brussel voldoet echter niet volledig aan deze verplichtingen door een gebrek aan budget of co\u00f6rdinatie. De invoering van een gemeentelijk brandpreventieplan, waarbij de brandweer, de lokale autoriteiten en de beheerders van de gebouwen betrokken zijn, lijkt een manier om de preventie en de opleiding van de bewoners te versterken.    <\/p>\n<h2>Gevolgen voor bewoners en vooruitzichten voor ondersteuning<\/h2>\n<p>Naast de tragische menselijke tol is de beschadigde flat nu onbewoonbaar, waardoor verschillende mensen mogelijk hun huis kwijtraken. In de praktijk moeten de gemeentelijke diensten tijdelijke herhuisvesting en financi\u00eble noodhulp bieden. Slachtoffers van rampen kunnen in aanmerking komen voor hulp van het Fonds de secours pour sinistr\u00e9s en R\u00e9gion bruxelloise, maar de procedure kan ingewikkeld en traag zijn. Uiteindelijk is er vaak sociale en psychologische ondersteuning nodig om slachtoffers van rampen te helpen terug te keren naar een stabiele levensstijl en de posttraumatische gevolgen te beperken. Daarnaast wordt er vaak een beroep gedaan op de lokale gemeenschap om donaties te organiseren en de getroffen families te steunen.    <\/p>\n<h2>Vooruitzichten en open vragen<\/h2>\n<p>Deze laatste tragedie roept een aantal vragen op: wat was precies de oorzaak van de brand? Voldeed het tehuis aan de huidige veiligheidsnormen? Kan de reactieketen, van detectie tot reanimatie, worden geoptimaliseerd? En tot slot, hoe kunnen we de preventie en controle van installaties verbeteren in een dichtbevolkte hoofdstad met beperkte middelen? In een tijd waarin het Brussels Gewest zijn gebouwenbestand wil moderniseren en de strijd tegen brandstofarmoede wil opvoeren, zijn deze vragen van cruciaal belang om dergelijke tragedies te voorkomen.    <\/p>\n","protected":false},"excerpt":{"rendered":"<p>Dodelijke brand in Ukkel: veiligheid in woningen op de proef gesteld Op 8 december brak rond 19.20 uur brand uit in een flat op de 6e verdieping aan de Winston Churchilllaan in Ukkel, waarbij een vrouw om het leven kwam ondanks de snelle hulpdiensten. Deze tragedie bracht het debat over de preventie van woningbranden en [&hellip;]<\/p>\n","protected":false},"author":14,"featured_media":10064,"comment_status":"closed","ping_status":"closed","sticky":false,"template":"","format":"standard","meta":{"_et_pb_use_builder":"","_et_pb_old_content":"","_et_gb_content_width":"","_jetpack_memberships_contains_paid_content":false,"footnotes":""},"categories":[288],"tags":[],"class_list":["post-10067","post","type-post","status-publish","format-standard","has-post-thumbnail","hentry","category-nieuws-brussel"],"yoast_head":"<!-- This site is optimized with the Yoast SEO plugin v27.5 - https:\/\/yoast.com\/product\/yoast-seo-wordpress\/ -->\n<title>Brand in een flat in Ukkel: een vrouw overlijdt - Information-bruxelles.be<\/title>\n<meta name=\"robots\" content=\"index, follow, max-snippet:-1, max-image-preview:large, max-video-preview:-1\" \/>\n<link rel=\"canonical\" href=\"https:\/\/www.information-bruxelles.be\/nl\/brand-in-een-flat-in-ukkel-een-vrouw-overlijdt\/\" \/>\n<meta property=\"og:locale\" content=\"nl_NL\" \/>\n<meta property=\"og:type\" content=\"article\" \/>\n<meta property=\"og:title\" content=\"Brand in een flat in Ukkel: een vrouw overlijdt - Information-bruxelles.be\" \/>\n<meta property=\"og:description\" content=\"Dodelijke brand in Ukkel: veiligheid in woningen op de proef gesteld Op 8 december brak rond 19.20 uur brand uit in een flat op de 6e verdieping aan de Winston Churchilllaan in Ukkel, waarbij een vrouw om het leven kwam ondanks de snelle hulpdiensten. Deze tragedie bracht het debat over de preventie van woningbranden en [&hellip;]\" \/>\n<meta property=\"og:url\" content=\"https:\/\/www.information-bruxelles.be\/nl\/brand-in-een-flat-in-ukkel-een-vrouw-overlijdt\/\" \/>\n<meta property=\"og:site_name\" content=\"Information-bruxelles.be\" \/>\n<meta property=\"article:published_time\" content=\"2025-12-09T07:06:34+00:00\" \/>\n<meta property=\"og:image\" content=\"https:\/\/www.information-bruxelles.be\/wp-content\/uploads\/2025\/12\/file-12.jpg\" \/>\n\t<meta property=\"og:image:width\" content=\"1200\" \/>\n\t<meta property=\"og:image:height\" content=\"686\" \/>\n\t<meta property=\"og:image:type\" content=\"image\/jpeg\" \/>\n<meta name=\"author\" content=\"Olivier Meynaerts\" \/>\n<meta name=\"twitter:card\" content=\"summary_large_image\" \/>\n<meta name=\"twitter:label1\" content=\"Geschreven door\" \/>\n\t<meta name=\"twitter:data1\" content=\"Olivier Meynaerts\" \/>\n\t<meta name=\"twitter:label2\" content=\"Geschatte leestijd\" \/>\n\t<meta name=\"twitter:data2\" content=\"4 minuten\" \/>\n<script type=\"application\/ld+json\" class=\"yoast-schema-graph\">{\"@context\":\"https:\\\/\\\/schema.org\",\"@graph\":[{\"@type\":\"Article\",\"@id\":\"https:\\\/\\\/www.information-bruxelles.be\\\/nl\\\/brand-in-een-flat-in-ukkel-een-vrouw-overlijdt\\\/#article\",\"isPartOf\":{\"@id\":\"https:\\\/\\\/www.information-bruxelles.be\\\/nl\\\/brand-in-een-flat-in-ukkel-een-vrouw-overlijdt\\\/\"},\"author\":{\"name\":\"Olivier Meynaerts\",\"@id\":\"https:\\\/\\\/www.information-bruxelles.be\\\/nl\\\/#\\\/schema\\\/person\\\/8efd13a6ea16e6e4855480348ab7dfac\"},\"headline\":\"Brand in een flat in Ukkel: een vrouw overlijdt\",\"datePublished\":\"2025-12-09T07:06:34+00:00\",\"mainEntityOfPage\":{\"@id\":\"https:\\\/\\\/www.information-bruxelles.be\\\/nl\\\/brand-in-een-flat-in-ukkel-een-vrouw-overlijdt\\\/\"},\"wordCount\":734,\"publisher\":{\"@id\":\"https:\\\/\\\/www.information-bruxelles.be\\\/nl\\\/#organization\"},\"image\":{\"@id\":\"https:\\\/\\\/www.information-bruxelles.be\\\/nl\\\/brand-in-een-flat-in-ukkel-een-vrouw-overlijdt\\\/#primaryimage\"},\"thumbnailUrl\":\"https:\\\/\\\/www.information-bruxelles.be\\\/wp-content\\\/uploads\\\/2025\\\/12\\\/file-12.jpg\",\"articleSection\":[\"Nieuws Brussel\"],\"inLanguage\":\"nl-NL\"},{\"@type\":\"WebPage\",\"@id\":\"https:\\\/\\\/www.information-bruxelles.be\\\/nl\\\/brand-in-een-flat-in-ukkel-een-vrouw-overlijdt\\\/\",\"url\":\"https:\\\/\\\/www.information-bruxelles.be\\\/nl\\\/brand-in-een-flat-in-ukkel-een-vrouw-overlijdt\\\/\",\"name\":\"Brand in een flat in Ukkel: een vrouw overlijdt - Information-bruxelles.be\",\"isPartOf\":{\"@id\":\"https:\\\/\\\/www.information-bruxelles.be\\\/nl\\\/#website\"},\"primaryImageOfPage\":{\"@id\":\"https:\\\/\\\/www.information-bruxelles.be\\\/nl\\\/brand-in-een-flat-in-ukkel-een-vrouw-overlijdt\\\/#primaryimage\"},\"image\":{\"@id\":\"https:\\\/\\\/www.information-bruxelles.be\\\/nl\\\/brand-in-een-flat-in-ukkel-een-vrouw-overlijdt\\\/#primaryimage\"},\"thumbnailUrl\":\"https:\\\/\\\/www.information-bruxelles.be\\\/wp-content\\\/uploads\\\/2025\\\/12\\\/file-12.jpg\",\"datePublished\":\"2025-12-09T07:06:34+00:00\",\"breadcrumb\":{\"@id\":\"https:\\\/\\\/www.information-bruxelles.be\\\/nl\\\/brand-in-een-flat-in-ukkel-een-vrouw-overlijdt\\\/#breadcrumb\"},\"inLanguage\":\"nl-NL\",\"potentialAction\":[{\"@type\":\"ReadAction\",\"target\":[\"https:\\\/\\\/www.information-bruxelles.be\\\/nl\\\/brand-in-een-flat-in-ukkel-een-vrouw-overlijdt\\\/\"]}]},{\"@type\":\"ImageObject\",\"inLanguage\":\"nl-NL\",\"@id\":\"https:\\\/\\\/www.information-bruxelles.be\\\/nl\\\/brand-in-een-flat-in-ukkel-een-vrouw-overlijdt\\\/#primaryimage\",\"url\":\"https:\\\/\\\/www.information-bruxelles.be\\\/wp-content\\\/uploads\\\/2025\\\/12\\\/file-12.jpg\",\"contentUrl\":\"https:\\\/\\\/www.information-bruxelles.be\\\/wp-content\\\/uploads\\\/2025\\\/12\\\/file-12.jpg\",\"width\":1200,\"height\":686},{\"@type\":\"BreadcrumbList\",\"@id\":\"https:\\\/\\\/www.information-bruxelles.be\\\/nl\\\/brand-in-een-flat-in-ukkel-een-vrouw-overlijdt\\\/#breadcrumb\",\"itemListElement\":[{\"@type\":\"ListItem\",\"position\":1,\"name\":\"Accueil\",\"item\":\"https:\\\/\\\/www.information-bruxelles.be\\\/nl\\\/\"},{\"@type\":\"ListItem\",\"position\":2,\"name\":\"Ongecategoriseerd\",\"item\":\"https:\\\/\\\/www.information-bruxelles.be\\\/nl\\\/category\\\/ongecategoriseerd\\\/\"},{\"@type\":\"ListItem\",\"position\":3,\"name\":\"Brand in een flat in Ukkel: een vrouw overlijdt\"}]},{\"@type\":\"WebSite\",\"@id\":\"https:\\\/\\\/www.information-bruxelles.be\\\/nl\\\/#website\",\"url\":\"https:\\\/\\\/www.information-bruxelles.be\\\/nl\\\/\",\"name\":\"Information-bruxelles.be\",\"description\":\"Le blog conseil survivaliste\",\"publisher\":{\"@id\":\"https:\\\/\\\/www.information-bruxelles.be\\\/nl\\\/#organization\"},\"potentialAction\":[{\"@type\":\"SearchAction\",\"target\":{\"@type\":\"EntryPoint\",\"urlTemplate\":\"https:\\\/\\\/www.information-bruxelles.be\\\/nl\\\/?s={search_term_string}\"},\"query-input\":{\"@type\":\"PropertyValueSpecification\",\"valueRequired\":true,\"valueName\":\"search_term_string\"}}],\"inLanguage\":\"nl-NL\"},{\"@type\":\"Organization\",\"@id\":\"https:\\\/\\\/www.information-bruxelles.be\\\/nl\\\/#organization\",\"name\":\"Information-bruxelles.be\",\"url\":\"https:\\\/\\\/www.information-bruxelles.be\\\/nl\\\/\",\"logo\":{\"@type\":\"ImageObject\",\"inLanguage\":\"nl-NL\",\"@id\":\"https:\\\/\\\/www.information-bruxelles.be\\\/nl\\\/#\\\/schema\\\/logo\\\/image\\\/\",\"url\":\"\",\"contentUrl\":\"\",\"caption\":\"Information-bruxelles.be\"},\"image\":{\"@id\":\"https:\\\/\\\/www.information-bruxelles.be\\\/nl\\\/#\\\/schema\\\/logo\\\/image\\\/\"}},{\"@type\":\"Person\",\"@id\":\"https:\\\/\\\/www.information-bruxelles.be\\\/nl\\\/#\\\/schema\\\/person\\\/8efd13a6ea16e6e4855480348ab7dfac\",\"name\":\"Olivier Meynaerts\",\"description\":\"Olivier Meynaerts est un \u00e9ditorialiste aguerri avec une exp\u00e9rience dans le domaine de l\u2019analyse et de la critique. Reconnu pour sa capacit\u00e9 \u00e0 interpr\u00e9ter l\u2019actualit\u00e9 avec perspicacit\u00e9, il offre des perspectives \u00e9clair\u00e9es et provocantes. Sa plume incisive et son engagement envers une information de qualit\u00e9 font de lui un leader d\u2019opinion respect\u00e9, guidant notre \u00e9quipe avec d\u00e9termination.\",\"url\":\"https:\\\/\\\/www.information-bruxelles.be\\\/nl\\\/author\\\/olivier-meynaerts\\\/\"}]}<\/script>\n<!-- \/ Yoast SEO plugin. -->","yoast_head_json":{"title":"Brand in een flat in Ukkel: een vrouw overlijdt - Information-bruxelles.be","robots":{"index":"index","follow":"follow","max-snippet":"max-snippet:-1","max-image-preview":"max-image-preview:large","max-video-preview":"max-video-preview:-1"},"canonical":"https:\/\/www.information-bruxelles.be\/nl\/brand-in-een-flat-in-ukkel-een-vrouw-overlijdt\/","og_locale":"nl_NL","og_type":"article","og_title":"Brand in een flat in Ukkel: een vrouw overlijdt - Information-bruxelles.be","og_description":"Dodelijke brand in Ukkel: veiligheid in woningen op de proef gesteld Op 8 december brak rond 19.20 uur brand uit in een flat op de 6e verdieping aan de Winston Churchilllaan in Ukkel, waarbij een vrouw om het leven kwam ondanks de snelle hulpdiensten. Deze tragedie bracht het debat over de preventie van woningbranden en [&hellip;]","og_url":"https:\/\/www.information-bruxelles.be\/nl\/brand-in-een-flat-in-ukkel-een-vrouw-overlijdt\/","og_site_name":"Information-bruxelles.be","article_published_time":"2025-12-09T07:06:34+00:00","og_image":[{"width":1200,"height":686,"url":"https:\/\/www.information-bruxelles.be\/wp-content\/uploads\/2025\/12\/file-12.jpg","type":"image\/jpeg"}],"author":"Olivier Meynaerts","twitter_card":"summary_large_image","twitter_misc":{"Geschreven door":"Olivier Meynaerts","Geschatte leestijd":"4 minuten"},"schema":{"@context":"https:\/\/schema.org","@graph":[{"@type":"Article","@id":"https:\/\/www.information-bruxelles.be\/nl\/brand-in-een-flat-in-ukkel-een-vrouw-overlijdt\/#article","isPartOf":{"@id":"https:\/\/www.information-bruxelles.be\/nl\/brand-in-een-flat-in-ukkel-een-vrouw-overlijdt\/"},"author":{"name":"Olivier Meynaerts","@id":"https:\/\/www.information-bruxelles.be\/nl\/#\/schema\/person\/8efd13a6ea16e6e4855480348ab7dfac"},"headline":"Brand in een flat in Ukkel: een vrouw overlijdt","datePublished":"2025-12-09T07:06:34+00:00","mainEntityOfPage":{"@id":"https:\/\/www.information-bruxelles.be\/nl\/brand-in-een-flat-in-ukkel-een-vrouw-overlijdt\/"},"wordCount":734,"publisher":{"@id":"https:\/\/www.information-bruxelles.be\/nl\/#organization"},"image":{"@id":"https:\/\/www.information-bruxelles.be\/nl\/brand-in-een-flat-in-ukkel-een-vrouw-overlijdt\/#primaryimage"},"thumbnailUrl":"https:\/\/www.information-bruxelles.be\/wp-content\/uploads\/2025\/12\/file-12.jpg","articleSection":["Nieuws Brussel"],"inLanguage":"nl-NL"},{"@type":"WebPage","@id":"https:\/\/www.information-bruxelles.be\/nl\/brand-in-een-flat-in-ukkel-een-vrouw-overlijdt\/","url":"https:\/\/www.information-bruxelles.be\/nl\/brand-in-een-flat-in-ukkel-een-vrouw-overlijdt\/","name":"Brand in een flat in Ukkel: een vrouw overlijdt - Information-bruxelles.be","isPartOf":{"@id":"https:\/\/www.information-bruxelles.be\/nl\/#website"},"primaryImageOfPage":{"@id":"https:\/\/www.information-bruxelles.be\/nl\/brand-in-een-flat-in-ukkel-een-vrouw-overlijdt\/#primaryimage"},"image":{"@id":"https:\/\/www.information-bruxelles.be\/nl\/brand-in-een-flat-in-ukkel-een-vrouw-overlijdt\/#primaryimage"},"thumbnailUrl":"https:\/\/www.information-bruxelles.be\/wp-content\/uploads\/2025\/12\/file-12.jpg","datePublished":"2025-12-09T07:06:34+00:00","breadcrumb":{"@id":"https:\/\/www.information-bruxelles.be\/nl\/brand-in-een-flat-in-ukkel-een-vrouw-overlijdt\/#breadcrumb"},"inLanguage":"nl-NL","potentialAction":[{"@type":"ReadAction","target":["https:\/\/www.information-bruxelles.be\/nl\/brand-in-een-flat-in-ukkel-een-vrouw-overlijdt\/"]}]},{"@type":"ImageObject","inLanguage":"nl-NL","@id":"https:\/\/www.information-bruxelles.be\/nl\/brand-in-een-flat-in-ukkel-een-vrouw-overlijdt\/#primaryimage","url":"https:\/\/www.information-bruxelles.be\/wp-content\/uploads\/2025\/12\/file-12.jpg","contentUrl":"https:\/\/www.information-bruxelles.be\/wp-content\/uploads\/2025\/12\/file-12.jpg","width":1200,"height":686},{"@type":"BreadcrumbList","@id":"https:\/\/www.information-bruxelles.be\/nl\/brand-in-een-flat-in-ukkel-een-vrouw-overlijdt\/#breadcrumb","itemListElement":[{"@type":"ListItem","position":1,"name":"Accueil","item":"https:\/\/www.information-bruxelles.be\/nl\/"},{"@type":"ListItem","position":2,"name":"Ongecategoriseerd","item":"https:\/\/www.information-bruxelles.be\/nl\/category\/ongecategoriseerd\/"},{"@type":"ListItem","position":3,"name":"Brand in een flat in Ukkel: een vrouw overlijdt"}]},{"@type":"WebSite","@id":"https:\/\/www.information-bruxelles.be\/nl\/#website","url":"https:\/\/www.information-bruxelles.be\/nl\/","name":"Information-bruxelles.be","description":"Le blog conseil survivaliste","publisher":{"@id":"https:\/\/www.information-bruxelles.be\/nl\/#organization"},"potentialAction":[{"@type":"SearchAction","target":{"@type":"EntryPoint","urlTemplate":"https:\/\/www.information-bruxelles.be\/nl\/?s={search_term_string}"},"query-input":{"@type":"PropertyValueSpecification","valueRequired":true,"valueName":"search_term_string"}}],"inLanguage":"nl-NL"},{"@type":"Organization","@id":"https:\/\/www.information-bruxelles.be\/nl\/#organization","name":"Information-bruxelles.be","url":"https:\/\/www.information-bruxelles.be\/nl\/","logo":{"@type":"ImageObject","inLanguage":"nl-NL","@id":"https:\/\/www.information-bruxelles.be\/nl\/#\/schema\/logo\/image\/","url":"","contentUrl":"","caption":"Information-bruxelles.be"},"image":{"@id":"https:\/\/www.information-bruxelles.be\/nl\/#\/schema\/logo\/image\/"}},{"@type":"Person","@id":"https:\/\/www.information-bruxelles.be\/nl\/#\/schema\/person\/8efd13a6ea16e6e4855480348ab7dfac","name":"Olivier Meynaerts","description":"Olivier Meynaerts est un \u00e9ditorialiste aguerri avec une exp\u00e9rience dans le domaine de l\u2019analyse et de la critique. Reconnu pour sa capacit\u00e9 \u00e0 interpr\u00e9ter l\u2019actualit\u00e9 avec perspicacit\u00e9, il offre des perspectives \u00e9clair\u00e9es et provocantes. Sa plume incisive et son engagement envers une information de qualit\u00e9 font de lui un leader d\u2019opinion respect\u00e9, guidant notre \u00e9quipe avec d\u00e9termination.","url":"https:\/\/www.information-bruxelles.be\/nl\/author\/olivier-meynaerts\/"}]}},"jetpack_featured_media_url":"https:\/\/www.information-bruxelles.be\/wp-content\/uploads\/2025\/12\/file-12.jpg","jetpack_sharing_enabled":true,"_links":{"self":[{"href":"https:\/\/www.information-bruxelles.be\/nl\/wp-json\/wp\/v2\/posts\/10067","targetHints":{"allow":["GET"]}}],"collection":[{"href":"https:\/\/www.information-bruxelles.be\/nl\/wp-json\/wp\/v2\/posts"}],"about":[{"href":"https:\/\/www.information-bruxelles.be\/nl\/wp-json\/wp\/v2\/types\/post"}],"author":[{"embeddable":true,"href":"https:\/\/www.information-bruxelles.be\/nl\/wp-json\/wp\/v2\/users\/14"}],"replies":[{"embeddable":true,"href":"https:\/\/www.information-bruxelles.be\/nl\/wp-json\/wp\/v2\/comments?post=10067"}],"version-history":[{"count":0,"href":"https:\/\/www.information-bruxelles.be\/nl\/wp-json\/wp\/v2\/posts\/10067\/revisions"}],"wp:featuredmedia":[{"embeddable":true,"href":"https:\/\/www.information-bruxelles.be\/nl\/wp-json\/wp\/v2\/media\/10064"}],"wp:attachment":[{"href":"https:\/\/www.information-bruxelles.be\/nl\/wp-json\/wp\/v2\/media?parent=10067"}],"wp:term":[{"taxonomy":"category","embeddable":true,"href":"https:\/\/www.information-bruxelles.be\/nl\/wp-json\/wp\/v2\/categories?post=10067"},{"taxonomy":"post_tag","embeddable":true,"href":"https:\/\/www.information-bruxelles.be\/nl\/wp-json\/wp\/v2\/tags?post=10067"}],"curies":[{"name":"wp","href":"https:\/\/api.w.org\/{rel}","templated":true}]}}