{"id":10048,"date":"2025-12-05T07:34:56","date_gmt":"2025-12-05T07:34:56","guid":{"rendered":"https:\/\/www.information-bruxelles.be\/noch-belgie-noch-brussel-anticiperen-voldoende-op-klimaatverandering-volgens-brulocalis\/"},"modified":"2025-12-05T07:34:56","modified_gmt":"2025-12-05T07:34:56","slug":"noch-belgie-noch-brussel-anticiperen-voldoende-op-klimaatverandering-volgens-brulocalis","status":"publish","type":"post","link":"https:\/\/www.information-bruxelles.be\/nl\/noch-belgie-noch-brussel-anticiperen-voldoende-op-klimaatverandering-volgens-brulocalis\/","title":{"rendered":"Noch Belgi\u00eb, noch Brussel anticiperen voldoende op klimaatverandering, volgens Brulocalis"},"content":{"rendered":"\n\n<div class=\"kk-star-ratings kksr-auto kksr-align-left kksr-valign-top\"\n    data-payload='{&quot;align&quot;:&quot;left&quot;,&quot;id&quot;:&quot;10048&quot;,&quot;slug&quot;:&quot;default&quot;,&quot;valign&quot;:&quot;top&quot;,&quot;ignore&quot;:&quot;&quot;,&quot;reference&quot;:&quot;auto&quot;,&quot;class&quot;:&quot;&quot;,&quot;count&quot;:&quot;0&quot;,&quot;legendonly&quot;:&quot;&quot;,&quot;readonly&quot;:&quot;&quot;,&quot;score&quot;:&quot;0&quot;,&quot;starsonly&quot;:&quot;&quot;,&quot;best&quot;:&quot;5&quot;,&quot;gap&quot;:&quot;5&quot;,&quot;greet&quot;:&quot;Rate this post&quot;,&quot;legend&quot;:&quot;0\\\/5 - (0 stemmen)&quot;,&quot;size&quot;:&quot;24&quot;,&quot;title&quot;:&quot;Noch Belgi\u00eb, noch Brussel anticiperen voldoende op klimaatverandering, volgens Brulocalis&quot;,&quot;width&quot;:&quot;0&quot;,&quot;_legend&quot;:&quot;{score}\\\/{best} - ({count} {votes})&quot;,&quot;font_factor&quot;:&quot;1.25&quot;}'>\n            \n<div class=\"kksr-stars\">\n    \n<div class=\"kksr-stars-inactive\">\n            <div class=\"kksr-star\" data-star=\"1\" style=\"padding-right: 5px\">\n            \n\n<div class=\"kksr-icon\" style=\"width: 24px; height: 24px;\"><\/div>\n        <\/div>\n            <div class=\"kksr-star\" data-star=\"2\" style=\"padding-right: 5px\">\n            \n\n<div class=\"kksr-icon\" style=\"width: 24px; height: 24px;\"><\/div>\n        <\/div>\n            <div class=\"kksr-star\" data-star=\"3\" style=\"padding-right: 5px\">\n            \n\n<div class=\"kksr-icon\" style=\"width: 24px; height: 24px;\"><\/div>\n        <\/div>\n            <div class=\"kksr-star\" data-star=\"4\" style=\"padding-right: 5px\">\n            \n\n<div class=\"kksr-icon\" style=\"width: 24px; height: 24px;\"><\/div>\n        <\/div>\n            <div class=\"kksr-star\" data-star=\"5\" style=\"padding-right: 5px\">\n            \n\n<div class=\"kksr-icon\" style=\"width: 24px; height: 24px;\"><\/div>\n        <\/div>\n    <\/div>\n    \n<div class=\"kksr-stars-active\" style=\"width: 0px;\">\n            <div class=\"kksr-star\" style=\"padding-right: 5px\">\n            \n\n<div class=\"kksr-icon\" style=\"width: 24px; height: 24px;\"><\/div>\n        <\/div>\n            <div class=\"kksr-star\" style=\"padding-right: 5px\">\n            \n\n<div class=\"kksr-icon\" style=\"width: 24px; height: 24px;\"><\/div>\n        <\/div>\n            <div class=\"kksr-star\" style=\"padding-right: 5px\">\n            \n\n<div class=\"kksr-icon\" style=\"width: 24px; height: 24px;\"><\/div>\n        <\/div>\n            <div class=\"kksr-star\" style=\"padding-right: 5px\">\n            \n\n<div class=\"kksr-icon\" style=\"width: 24px; height: 24px;\"><\/div>\n        <\/div>\n            <div class=\"kksr-star\" style=\"padding-right: 5px\">\n            \n\n<div class=\"kksr-icon\" style=\"width: 24px; height: 24px;\"><\/div>\n        <\/div>\n    <\/div>\n<\/div>\n                \n\n<div class=\"kksr-legend\" style=\"font-size: 19.2px;\">\n            <span class=\"kksr-muted\">Rate this post<\/span>\n    <\/div>\n    <\/div>\n<h2>Belgi\u00eb noch Brussel anticiperen voldoende op klimaatverandering<\/h2>\n<p>De eerste nationale evaluatie van de klimaatrisico&#8217;s, begin november gepubliceerd door het Centre d&#8217;analyse des risques du changement climatique (CERAC), doet een alarmerende vaststelling: ondanks de waarschuwingen hebben noch de federale regering noch het Brussels Gewest een aanpassingsstrategie uitgewerkt die aangepast is aan de toekomstige bedreigingen. Geconfronteerd met overstromingen, hittegolven en uitdrogende grond, zijn het de gemeenten die in de frontlinie zullen staan, zonder voldoende financi\u00eble middelen. <\/p>\n<h2>Een ongekende nationale beoordeling, maar nu al als onvoldoende beoordeeld<\/h2>\n<p>Voor het eerst in Belgi\u00eb heeft CERAC de klimaatrisico&#8217;s gedetailleerd in kaart gebracht: overstromingen, hittegolven, droogte en economische gevolgen. In opdracht van de Nationale Veiligheidsraad wil de studie de basis leggen voor een nationale strategie ter bestrijding van extreme gevaren. Het rapport benadrukt in het bijzonder dat gemeenten de directe en indirecte kosten zullen moeten dragen, in het bijzonder voor civiele bescherming, brandweer en lokale infrastructuur.  <\/p>\n<p><strong>Brulocalis<\/strong> - de vereniging van Brusselse steden en gemeenten - is echter van mening dat deze eerste oefening grotendeels theoretisch blijft. &#8220;Noch Belgi\u00eb, noch Brussel anticipeert voldoende op de klimaatverandering&#8221;, zegt Jean-Michel Reniers, hoofd van de dienst Duurzame Stad. De CERAC-evaluatie wijst op temperatuurverschillen van 3 tot 10\u00b0C in bepaalde dichtbevolkte verstedelijkte gebieden, zonder bindende actieplannen voor te stellen voor lokale overheden.  <\/p>\n<h2>Hitte-eilanden en kwetsbare bevolkingsgroepen in de frontlinie<\/h2>\n<p>In Brussel vormen hittegolven het grootste risico. Stedelijke hitte-eilanden - warmtepieken die ontstaan door een ondoordringbare bodem en een gebrek aan vegetatie - treffen vooral het hypercentrum, waar de woningen kleiner en minder goed gerenoveerd zijn. Hierdoor wordt <g id=\"gid_0\">de gezondheid van ouderen, chronisch zieken en de meest achtergestelde bewoners direct bedreigd<\/g>. Slaapstoornissen, slapeloosheid, zonnesteek en verminderde productiviteit op school of op het werk maken al deel uit van het dagelijks leven.   <\/p>\n<p>Brulocalis roept op tot een &#8220;strategische vergroening&#8221; van deze wijken en laat ons geloven dat alleen structurele maatregelen deze effecten kunnen verzachten. Zonder substanti\u00eble financi\u00eble steun van het Gewest en de federale regering bestaat echter het risico dat de sociale en geografische ongelijkheden nog groter worden. <\/p>\n<h2>Gemeentelijke initiatieven: embryonale projecten met het oog op urgentie<\/h2>\n<p>Sommige lokale overheden zijn zich bewust van het gevaar en experimenteren met lokale oplossingen. In Sint-Jans-Molenbeek is de Ninovepoort versierd met vegetatie om de lucht te verkoelen. In Sint-Gillis profiteert het Marie Jansonplein van een netwerk van fonteinen en beplante perken. Maar deze projecten blijven te beperkt om de trend te keren. In de praktijk weerspiegelen ze een sterke lokale politieke wil die niet gepaard gaat met passende begrotingstoewijzingen.    <\/p>\n<p>Verschillende burgemeesters wijzen op <strong>een terugkerend gebrek aan middelen<\/strong>. De federale, regionale en lokale budgetten staan zo onder druk dat verkozenen zullen moeten kiezen tussen essenti\u00eble diensten (netheid, politie, onderwijs) en investeringen in het klimaat. In het CERAC-rapport is de verzekeringssector een van de meest bezorgde spelers: maatschappijen zijn nu bang voor de kosten die gepaard gaan met meer overstromingen als gevolg van stedelijke afdichting en zouden hun dekkingsvoorwaarden kunnen aanscherpen.  <\/p>\n<h2>Krap budget en gefragmenteerd bestuur<\/h2>\n<p>In Brussel belooft de zogenaamde &#8220;renolution&#8221; strategie om alle woningen tegen 2050 te renoveren. Dit plan heeft het tempo van de werkzaamheden al opgevoerd, maar het is nog ver verwijderd van de doelstellingen die worden opgelegd door de Europese richtlijnen inzake energie-effici\u00ebntie. In het huidige tempo zou het nog tientallen jaren duren voordat de woningvoorraad koolstofneutraal is.  <\/p>\n<p>Deze kloof tussen ambitie en realiteit wordt gedeeltelijk verklaard door het feit dat er al enkele maanden geen stabiele regionale regering is. Als gevolg daarvan zijn de financieringsregelingen voor renovatiepremies bevroren, waardoor huishoudens en bedrijven in onzekerheid blijven. Tegelijkertijd blijft de co\u00f6rdinatie tussen de federale regering, het Gewest en de lokale overheden ontoereikend om alle beschikbare Europese fondsen te mobiliseren, waardoor de steunregelingen nog zwakker worden.  <\/p>\n<h2>Vooruitzichten en manieren om de overgang te versnellen<\/h2>\n<p>Brulocalis en basisverenigingen hebben een aantal mogelijke oplossingen ge\u00efdentificeerd, waaronder de oprichting van een Brussels klimaatfonds dat gefinancierd wordt door een specifieke bijdrage van bedrijven, de versterking van partnerschappen met de priv\u00e9sector om verwarmings- en koelingsnetwerken te ontwikkelen (dit wordt getest in het Parc Maximilien) en het systematisch opnemen van groene ruimten in bouwvergunningsaanvragen. Uiteindelijk zouden deze acties de impact van hittegolven en stedelijke overstromingen kunnen beperken. <\/p>\n<p>Maar <strong>het succes van deze initiatieven zal afhangen van drie sleutelfactoren<\/strong>: politieke betrokkenheid op het hoogste niveau om financiering vrij te maken, het vermogen om burgers erbij te betrekken (gedeelde tuinen, samen planten) en de oprichting van meer samenhangend bestuur op meerdere niveaus. Als dit niet gebeurt, loopt Brussel het risico van een opeenstapeling van vertragingen en exponenti\u00eble kosten, terwijl elke extra graad opwarming al wordt betaald in mensenlevens en overheidsuitgaven. <\/p>\n","protected":false},"excerpt":{"rendered":"<p>Belgi\u00eb noch Brussel anticiperen voldoende op klimaatverandering De eerste nationale evaluatie van de klimaatrisico&#8217;s, begin november gepubliceerd door het Centre d&#8217;analyse des risques du changement climatique (CERAC), doet een alarmerende vaststelling: ondanks de waarschuwingen hebben noch de federale regering noch het Brussels Gewest een aanpassingsstrategie uitgewerkt die aangepast is aan de toekomstige bedreigingen. Geconfronteerd met [&hellip;]<\/p>\n","protected":false},"author":14,"featured_media":10043,"comment_status":"closed","ping_status":"closed","sticky":false,"template":"","format":"standard","meta":{"_et_pb_use_builder":"","_et_pb_old_content":"","_et_gb_content_width":"","_jetpack_memberships_contains_paid_content":false,"footnotes":""},"categories":[288],"tags":[],"class_list":["post-10048","post","type-post","status-publish","format-standard","has-post-thumbnail","hentry","category-nieuws-brussel"],"yoast_head":"<!-- This site is optimized with the Yoast SEO plugin v27.5 - https:\/\/yoast.com\/product\/yoast-seo-wordpress\/ -->\n<title>Noch Belgi\u00eb, noch Brussel anticiperen voldoende op klimaatverandering, volgens Brulocalis - Information-bruxelles.be<\/title>\n<meta name=\"robots\" content=\"index, follow, max-snippet:-1, max-image-preview:large, max-video-preview:-1\" \/>\n<link rel=\"canonical\" href=\"https:\/\/www.information-bruxelles.be\/nl\/noch-belgie-noch-brussel-anticiperen-voldoende-op-klimaatverandering-volgens-brulocalis\/\" \/>\n<meta property=\"og:locale\" content=\"nl_NL\" \/>\n<meta property=\"og:type\" content=\"article\" \/>\n<meta property=\"og:title\" content=\"Noch Belgi\u00eb, noch Brussel anticiperen voldoende op klimaatverandering, volgens Brulocalis - Information-bruxelles.be\" \/>\n<meta property=\"og:description\" content=\"Belgi\u00eb noch Brussel anticiperen voldoende op klimaatverandering De eerste nationale evaluatie van de klimaatrisico&#8217;s, begin november gepubliceerd door het Centre d&#8217;analyse des risques du changement climatique (CERAC), doet een alarmerende vaststelling: ondanks de waarschuwingen hebben noch de federale regering noch het Brussels Gewest een aanpassingsstrategie uitgewerkt die aangepast is aan de toekomstige bedreigingen. Geconfronteerd met [&hellip;]\" \/>\n<meta property=\"og:url\" content=\"https:\/\/www.information-bruxelles.be\/nl\/noch-belgie-noch-brussel-anticiperen-voldoende-op-klimaatverandering-volgens-brulocalis\/\" \/>\n<meta property=\"og:site_name\" content=\"Information-bruxelles.be\" \/>\n<meta property=\"article:published_time\" content=\"2025-12-05T07:34:56+00:00\" \/>\n<meta property=\"og:image\" content=\"https:\/\/www.information-bruxelles.be\/wp-content\/uploads\/2025\/12\/file-7.jpg\" \/>\n\t<meta property=\"og:image:width\" content=\"1200\" \/>\n\t<meta property=\"og:image:height\" content=\"686\" \/>\n\t<meta property=\"og:image:type\" content=\"image\/jpeg\" \/>\n<meta name=\"author\" content=\"Olivier Meynaerts\" \/>\n<meta name=\"twitter:card\" content=\"summary_large_image\" \/>\n<meta name=\"twitter:label1\" content=\"Geschreven door\" \/>\n\t<meta name=\"twitter:data1\" content=\"Olivier Meynaerts\" \/>\n\t<meta name=\"twitter:label2\" content=\"Geschatte leestijd\" \/>\n\t<meta name=\"twitter:data2\" content=\"4 minuten\" \/>\n<script type=\"application\/ld+json\" class=\"yoast-schema-graph\">{\"@context\":\"https:\\\/\\\/schema.org\",\"@graph\":[{\"@type\":\"Article\",\"@id\":\"https:\\\/\\\/www.information-bruxelles.be\\\/nl\\\/noch-belgie-noch-brussel-anticiperen-voldoende-op-klimaatverandering-volgens-brulocalis\\\/#article\",\"isPartOf\":{\"@id\":\"https:\\\/\\\/www.information-bruxelles.be\\\/nl\\\/noch-belgie-noch-brussel-anticiperen-voldoende-op-klimaatverandering-volgens-brulocalis\\\/\"},\"author\":{\"name\":\"Olivier Meynaerts\",\"@id\":\"https:\\\/\\\/www.information-bruxelles.be\\\/nl\\\/#\\\/schema\\\/person\\\/8efd13a6ea16e6e4855480348ab7dfac\"},\"headline\":\"Noch Belgi\u00eb, noch Brussel anticiperen voldoende op klimaatverandering, volgens Brulocalis\",\"datePublished\":\"2025-12-05T07:34:56+00:00\",\"mainEntityOfPage\":{\"@id\":\"https:\\\/\\\/www.information-bruxelles.be\\\/nl\\\/noch-belgie-noch-brussel-anticiperen-voldoende-op-klimaatverandering-volgens-brulocalis\\\/\"},\"wordCount\":779,\"publisher\":{\"@id\":\"https:\\\/\\\/www.information-bruxelles.be\\\/nl\\\/#organization\"},\"image\":{\"@id\":\"https:\\\/\\\/www.information-bruxelles.be\\\/nl\\\/noch-belgie-noch-brussel-anticiperen-voldoende-op-klimaatverandering-volgens-brulocalis\\\/#primaryimage\"},\"thumbnailUrl\":\"https:\\\/\\\/www.information-bruxelles.be\\\/wp-content\\\/uploads\\\/2025\\\/12\\\/file-7.jpg\",\"articleSection\":[\"Nieuws Brussel\"],\"inLanguage\":\"nl-NL\"},{\"@type\":\"WebPage\",\"@id\":\"https:\\\/\\\/www.information-bruxelles.be\\\/nl\\\/noch-belgie-noch-brussel-anticiperen-voldoende-op-klimaatverandering-volgens-brulocalis\\\/\",\"url\":\"https:\\\/\\\/www.information-bruxelles.be\\\/nl\\\/noch-belgie-noch-brussel-anticiperen-voldoende-op-klimaatverandering-volgens-brulocalis\\\/\",\"name\":\"Noch Belgi\u00eb, noch Brussel anticiperen voldoende op klimaatverandering, volgens Brulocalis - Information-bruxelles.be\",\"isPartOf\":{\"@id\":\"https:\\\/\\\/www.information-bruxelles.be\\\/nl\\\/#website\"},\"primaryImageOfPage\":{\"@id\":\"https:\\\/\\\/www.information-bruxelles.be\\\/nl\\\/noch-belgie-noch-brussel-anticiperen-voldoende-op-klimaatverandering-volgens-brulocalis\\\/#primaryimage\"},\"image\":{\"@id\":\"https:\\\/\\\/www.information-bruxelles.be\\\/nl\\\/noch-belgie-noch-brussel-anticiperen-voldoende-op-klimaatverandering-volgens-brulocalis\\\/#primaryimage\"},\"thumbnailUrl\":\"https:\\\/\\\/www.information-bruxelles.be\\\/wp-content\\\/uploads\\\/2025\\\/12\\\/file-7.jpg\",\"datePublished\":\"2025-12-05T07:34:56+00:00\",\"breadcrumb\":{\"@id\":\"https:\\\/\\\/www.information-bruxelles.be\\\/nl\\\/noch-belgie-noch-brussel-anticiperen-voldoende-op-klimaatverandering-volgens-brulocalis\\\/#breadcrumb\"},\"inLanguage\":\"nl-NL\",\"potentialAction\":[{\"@type\":\"ReadAction\",\"target\":[\"https:\\\/\\\/www.information-bruxelles.be\\\/nl\\\/noch-belgie-noch-brussel-anticiperen-voldoende-op-klimaatverandering-volgens-brulocalis\\\/\"]}]},{\"@type\":\"ImageObject\",\"inLanguage\":\"nl-NL\",\"@id\":\"https:\\\/\\\/www.information-bruxelles.be\\\/nl\\\/noch-belgie-noch-brussel-anticiperen-voldoende-op-klimaatverandering-volgens-brulocalis\\\/#primaryimage\",\"url\":\"https:\\\/\\\/www.information-bruxelles.be\\\/wp-content\\\/uploads\\\/2025\\\/12\\\/file-7.jpg\",\"contentUrl\":\"https:\\\/\\\/www.information-bruxelles.be\\\/wp-content\\\/uploads\\\/2025\\\/12\\\/file-7.jpg\",\"width\":1200,\"height\":686},{\"@type\":\"BreadcrumbList\",\"@id\":\"https:\\\/\\\/www.information-bruxelles.be\\\/nl\\\/noch-belgie-noch-brussel-anticiperen-voldoende-op-klimaatverandering-volgens-brulocalis\\\/#breadcrumb\",\"itemListElement\":[{\"@type\":\"ListItem\",\"position\":1,\"name\":\"Accueil\",\"item\":\"https:\\\/\\\/www.information-bruxelles.be\\\/nl\\\/\"},{\"@type\":\"ListItem\",\"position\":2,\"name\":\"Ongecategoriseerd\",\"item\":\"https:\\\/\\\/www.information-bruxelles.be\\\/nl\\\/category\\\/ongecategoriseerd\\\/\"},{\"@type\":\"ListItem\",\"position\":3,\"name\":\"Noch Belgi\u00eb, noch Brussel anticiperen voldoende op klimaatverandering, volgens Brulocalis\"}]},{\"@type\":\"WebSite\",\"@id\":\"https:\\\/\\\/www.information-bruxelles.be\\\/nl\\\/#website\",\"url\":\"https:\\\/\\\/www.information-bruxelles.be\\\/nl\\\/\",\"name\":\"Information-bruxelles.be\",\"description\":\"Le blog conseil survivaliste\",\"publisher\":{\"@id\":\"https:\\\/\\\/www.information-bruxelles.be\\\/nl\\\/#organization\"},\"potentialAction\":[{\"@type\":\"SearchAction\",\"target\":{\"@type\":\"EntryPoint\",\"urlTemplate\":\"https:\\\/\\\/www.information-bruxelles.be\\\/nl\\\/?s={search_term_string}\"},\"query-input\":{\"@type\":\"PropertyValueSpecification\",\"valueRequired\":true,\"valueName\":\"search_term_string\"}}],\"inLanguage\":\"nl-NL\"},{\"@type\":\"Organization\",\"@id\":\"https:\\\/\\\/www.information-bruxelles.be\\\/nl\\\/#organization\",\"name\":\"Information-bruxelles.be\",\"url\":\"https:\\\/\\\/www.information-bruxelles.be\\\/nl\\\/\",\"logo\":{\"@type\":\"ImageObject\",\"inLanguage\":\"nl-NL\",\"@id\":\"https:\\\/\\\/www.information-bruxelles.be\\\/nl\\\/#\\\/schema\\\/logo\\\/image\\\/\",\"url\":\"\",\"contentUrl\":\"\",\"caption\":\"Information-bruxelles.be\"},\"image\":{\"@id\":\"https:\\\/\\\/www.information-bruxelles.be\\\/nl\\\/#\\\/schema\\\/logo\\\/image\\\/\"}},{\"@type\":\"Person\",\"@id\":\"https:\\\/\\\/www.information-bruxelles.be\\\/nl\\\/#\\\/schema\\\/person\\\/8efd13a6ea16e6e4855480348ab7dfac\",\"name\":\"Olivier Meynaerts\",\"description\":\"Olivier Meynaerts est un \u00e9ditorialiste aguerri avec une exp\u00e9rience dans le domaine de l\u2019analyse et de la critique. Reconnu pour sa capacit\u00e9 \u00e0 interpr\u00e9ter l\u2019actualit\u00e9 avec perspicacit\u00e9, il offre des perspectives \u00e9clair\u00e9es et provocantes. Sa plume incisive et son engagement envers une information de qualit\u00e9 font de lui un leader d\u2019opinion respect\u00e9, guidant notre \u00e9quipe avec d\u00e9termination.\",\"url\":\"https:\\\/\\\/www.information-bruxelles.be\\\/nl\\\/author\\\/olivier-meynaerts\\\/\"}]}<\/script>\n<!-- \/ Yoast SEO plugin. -->","yoast_head_json":{"title":"Noch Belgi\u00eb, noch Brussel anticiperen voldoende op klimaatverandering, volgens Brulocalis - Information-bruxelles.be","robots":{"index":"index","follow":"follow","max-snippet":"max-snippet:-1","max-image-preview":"max-image-preview:large","max-video-preview":"max-video-preview:-1"},"canonical":"https:\/\/www.information-bruxelles.be\/nl\/noch-belgie-noch-brussel-anticiperen-voldoende-op-klimaatverandering-volgens-brulocalis\/","og_locale":"nl_NL","og_type":"article","og_title":"Noch Belgi\u00eb, noch Brussel anticiperen voldoende op klimaatverandering, volgens Brulocalis - Information-bruxelles.be","og_description":"Belgi\u00eb noch Brussel anticiperen voldoende op klimaatverandering De eerste nationale evaluatie van de klimaatrisico&#8217;s, begin november gepubliceerd door het Centre d&#8217;analyse des risques du changement climatique (CERAC), doet een alarmerende vaststelling: ondanks de waarschuwingen hebben noch de federale regering noch het Brussels Gewest een aanpassingsstrategie uitgewerkt die aangepast is aan de toekomstige bedreigingen. Geconfronteerd met [&hellip;]","og_url":"https:\/\/www.information-bruxelles.be\/nl\/noch-belgie-noch-brussel-anticiperen-voldoende-op-klimaatverandering-volgens-brulocalis\/","og_site_name":"Information-bruxelles.be","article_published_time":"2025-12-05T07:34:56+00:00","og_image":[{"width":1200,"height":686,"url":"https:\/\/www.information-bruxelles.be\/wp-content\/uploads\/2025\/12\/file-7.jpg","type":"image\/jpeg"}],"author":"Olivier Meynaerts","twitter_card":"summary_large_image","twitter_misc":{"Geschreven door":"Olivier Meynaerts","Geschatte leestijd":"4 minuten"},"schema":{"@context":"https:\/\/schema.org","@graph":[{"@type":"Article","@id":"https:\/\/www.information-bruxelles.be\/nl\/noch-belgie-noch-brussel-anticiperen-voldoende-op-klimaatverandering-volgens-brulocalis\/#article","isPartOf":{"@id":"https:\/\/www.information-bruxelles.be\/nl\/noch-belgie-noch-brussel-anticiperen-voldoende-op-klimaatverandering-volgens-brulocalis\/"},"author":{"name":"Olivier Meynaerts","@id":"https:\/\/www.information-bruxelles.be\/nl\/#\/schema\/person\/8efd13a6ea16e6e4855480348ab7dfac"},"headline":"Noch Belgi\u00eb, noch Brussel anticiperen voldoende op klimaatverandering, volgens Brulocalis","datePublished":"2025-12-05T07:34:56+00:00","mainEntityOfPage":{"@id":"https:\/\/www.information-bruxelles.be\/nl\/noch-belgie-noch-brussel-anticiperen-voldoende-op-klimaatverandering-volgens-brulocalis\/"},"wordCount":779,"publisher":{"@id":"https:\/\/www.information-bruxelles.be\/nl\/#organization"},"image":{"@id":"https:\/\/www.information-bruxelles.be\/nl\/noch-belgie-noch-brussel-anticiperen-voldoende-op-klimaatverandering-volgens-brulocalis\/#primaryimage"},"thumbnailUrl":"https:\/\/www.information-bruxelles.be\/wp-content\/uploads\/2025\/12\/file-7.jpg","articleSection":["Nieuws Brussel"],"inLanguage":"nl-NL"},{"@type":"WebPage","@id":"https:\/\/www.information-bruxelles.be\/nl\/noch-belgie-noch-brussel-anticiperen-voldoende-op-klimaatverandering-volgens-brulocalis\/","url":"https:\/\/www.information-bruxelles.be\/nl\/noch-belgie-noch-brussel-anticiperen-voldoende-op-klimaatverandering-volgens-brulocalis\/","name":"Noch Belgi\u00eb, noch Brussel anticiperen voldoende op klimaatverandering, volgens Brulocalis - Information-bruxelles.be","isPartOf":{"@id":"https:\/\/www.information-bruxelles.be\/nl\/#website"},"primaryImageOfPage":{"@id":"https:\/\/www.information-bruxelles.be\/nl\/noch-belgie-noch-brussel-anticiperen-voldoende-op-klimaatverandering-volgens-brulocalis\/#primaryimage"},"image":{"@id":"https:\/\/www.information-bruxelles.be\/nl\/noch-belgie-noch-brussel-anticiperen-voldoende-op-klimaatverandering-volgens-brulocalis\/#primaryimage"},"thumbnailUrl":"https:\/\/www.information-bruxelles.be\/wp-content\/uploads\/2025\/12\/file-7.jpg","datePublished":"2025-12-05T07:34:56+00:00","breadcrumb":{"@id":"https:\/\/www.information-bruxelles.be\/nl\/noch-belgie-noch-brussel-anticiperen-voldoende-op-klimaatverandering-volgens-brulocalis\/#breadcrumb"},"inLanguage":"nl-NL","potentialAction":[{"@type":"ReadAction","target":["https:\/\/www.information-bruxelles.be\/nl\/noch-belgie-noch-brussel-anticiperen-voldoende-op-klimaatverandering-volgens-brulocalis\/"]}]},{"@type":"ImageObject","inLanguage":"nl-NL","@id":"https:\/\/www.information-bruxelles.be\/nl\/noch-belgie-noch-brussel-anticiperen-voldoende-op-klimaatverandering-volgens-brulocalis\/#primaryimage","url":"https:\/\/www.information-bruxelles.be\/wp-content\/uploads\/2025\/12\/file-7.jpg","contentUrl":"https:\/\/www.information-bruxelles.be\/wp-content\/uploads\/2025\/12\/file-7.jpg","width":1200,"height":686},{"@type":"BreadcrumbList","@id":"https:\/\/www.information-bruxelles.be\/nl\/noch-belgie-noch-brussel-anticiperen-voldoende-op-klimaatverandering-volgens-brulocalis\/#breadcrumb","itemListElement":[{"@type":"ListItem","position":1,"name":"Accueil","item":"https:\/\/www.information-bruxelles.be\/nl\/"},{"@type":"ListItem","position":2,"name":"Ongecategoriseerd","item":"https:\/\/www.information-bruxelles.be\/nl\/category\/ongecategoriseerd\/"},{"@type":"ListItem","position":3,"name":"Noch Belgi\u00eb, noch Brussel anticiperen voldoende op klimaatverandering, volgens Brulocalis"}]},{"@type":"WebSite","@id":"https:\/\/www.information-bruxelles.be\/nl\/#website","url":"https:\/\/www.information-bruxelles.be\/nl\/","name":"Information-bruxelles.be","description":"Le blog conseil survivaliste","publisher":{"@id":"https:\/\/www.information-bruxelles.be\/nl\/#organization"},"potentialAction":[{"@type":"SearchAction","target":{"@type":"EntryPoint","urlTemplate":"https:\/\/www.information-bruxelles.be\/nl\/?s={search_term_string}"},"query-input":{"@type":"PropertyValueSpecification","valueRequired":true,"valueName":"search_term_string"}}],"inLanguage":"nl-NL"},{"@type":"Organization","@id":"https:\/\/www.information-bruxelles.be\/nl\/#organization","name":"Information-bruxelles.be","url":"https:\/\/www.information-bruxelles.be\/nl\/","logo":{"@type":"ImageObject","inLanguage":"nl-NL","@id":"https:\/\/www.information-bruxelles.be\/nl\/#\/schema\/logo\/image\/","url":"","contentUrl":"","caption":"Information-bruxelles.be"},"image":{"@id":"https:\/\/www.information-bruxelles.be\/nl\/#\/schema\/logo\/image\/"}},{"@type":"Person","@id":"https:\/\/www.information-bruxelles.be\/nl\/#\/schema\/person\/8efd13a6ea16e6e4855480348ab7dfac","name":"Olivier Meynaerts","description":"Olivier Meynaerts est un \u00e9ditorialiste aguerri avec une exp\u00e9rience dans le domaine de l\u2019analyse et de la critique. Reconnu pour sa capacit\u00e9 \u00e0 interpr\u00e9ter l\u2019actualit\u00e9 avec perspicacit\u00e9, il offre des perspectives \u00e9clair\u00e9es et provocantes. Sa plume incisive et son engagement envers une information de qualit\u00e9 font de lui un leader d\u2019opinion respect\u00e9, guidant notre \u00e9quipe avec d\u00e9termination.","url":"https:\/\/www.information-bruxelles.be\/nl\/author\/olivier-meynaerts\/"}]}},"jetpack_featured_media_url":"https:\/\/www.information-bruxelles.be\/wp-content\/uploads\/2025\/12\/file-7.jpg","jetpack_sharing_enabled":true,"_links":{"self":[{"href":"https:\/\/www.information-bruxelles.be\/nl\/wp-json\/wp\/v2\/posts\/10048","targetHints":{"allow":["GET"]}}],"collection":[{"href":"https:\/\/www.information-bruxelles.be\/nl\/wp-json\/wp\/v2\/posts"}],"about":[{"href":"https:\/\/www.information-bruxelles.be\/nl\/wp-json\/wp\/v2\/types\/post"}],"author":[{"embeddable":true,"href":"https:\/\/www.information-bruxelles.be\/nl\/wp-json\/wp\/v2\/users\/14"}],"replies":[{"embeddable":true,"href":"https:\/\/www.information-bruxelles.be\/nl\/wp-json\/wp\/v2\/comments?post=10048"}],"version-history":[{"count":0,"href":"https:\/\/www.information-bruxelles.be\/nl\/wp-json\/wp\/v2\/posts\/10048\/revisions"}],"wp:featuredmedia":[{"embeddable":true,"href":"https:\/\/www.information-bruxelles.be\/nl\/wp-json\/wp\/v2\/media\/10043"}],"wp:attachment":[{"href":"https:\/\/www.information-bruxelles.be\/nl\/wp-json\/wp\/v2\/media?parent=10048"}],"wp:term":[{"taxonomy":"category","embeddable":true,"href":"https:\/\/www.information-bruxelles.be\/nl\/wp-json\/wp\/v2\/categories?post=10048"},{"taxonomy":"post_tag","embeddable":true,"href":"https:\/\/www.information-bruxelles.be\/nl\/wp-json\/wp\/v2\/tags?post=10048"}],"curies":[{"name":"wp","href":"https:\/\/api.w.org\/{rel}","templated":true}]}}