{"id":10029,"date":"2025-12-03T06:57:54","date_gmt":"2025-12-03T06:57:54","guid":{"rendered":"https:\/\/www.information-bruxelles.be\/politieke-crisis-in-het-brussels-gewest-hier-is-de-chronologie-van-het-wereldrecord-zonder-volledige-regering\/"},"modified":"2025-12-03T06:57:54","modified_gmt":"2025-12-03T06:57:54","slug":"politieke-crisis-in-het-brussels-gewest-hier-is-de-chronologie-van-het-wereldrecord-zonder-volledige-regering","status":"publish","type":"post","link":"https:\/\/www.information-bruxelles.be\/nl\/politieke-crisis-in-het-brussels-gewest-hier-is-de-chronologie-van-het-wereldrecord-zonder-volledige-regering\/","title":{"rendered":"Politieke crisis in het Brussels Gewest: hier is de chronologie van het wereldrecord zonder volledige regering"},"content":{"rendered":"\n\n<div class=\"kk-star-ratings kksr-auto kksr-align-left kksr-valign-top\"\n    data-payload='{&quot;align&quot;:&quot;left&quot;,&quot;id&quot;:&quot;10029&quot;,&quot;slug&quot;:&quot;default&quot;,&quot;valign&quot;:&quot;top&quot;,&quot;ignore&quot;:&quot;&quot;,&quot;reference&quot;:&quot;auto&quot;,&quot;class&quot;:&quot;&quot;,&quot;count&quot;:&quot;0&quot;,&quot;legendonly&quot;:&quot;&quot;,&quot;readonly&quot;:&quot;&quot;,&quot;score&quot;:&quot;0&quot;,&quot;starsonly&quot;:&quot;&quot;,&quot;best&quot;:&quot;5&quot;,&quot;gap&quot;:&quot;5&quot;,&quot;greet&quot;:&quot;Rate this post&quot;,&quot;legend&quot;:&quot;0\\\/5 - (0 stemmen)&quot;,&quot;size&quot;:&quot;24&quot;,&quot;title&quot;:&quot;Politieke crisis in het Brussels Gewest: hier is de chronologie van het wereldrecord zonder volledige regering&quot;,&quot;width&quot;:&quot;0&quot;,&quot;_legend&quot;:&quot;{score}\\\/{best} - ({count} {votes})&quot;,&quot;font_factor&quot;:&quot;1.25&quot;}'>\n            \n<div class=\"kksr-stars\">\n    \n<div class=\"kksr-stars-inactive\">\n            <div class=\"kksr-star\" data-star=\"1\" style=\"padding-right: 5px\">\n            \n\n<div class=\"kksr-icon\" style=\"width: 24px; height: 24px;\"><\/div>\n        <\/div>\n            <div class=\"kksr-star\" data-star=\"2\" style=\"padding-right: 5px\">\n            \n\n<div class=\"kksr-icon\" style=\"width: 24px; height: 24px;\"><\/div>\n        <\/div>\n            <div class=\"kksr-star\" data-star=\"3\" style=\"padding-right: 5px\">\n            \n\n<div class=\"kksr-icon\" style=\"width: 24px; height: 24px;\"><\/div>\n        <\/div>\n            <div class=\"kksr-star\" data-star=\"4\" style=\"padding-right: 5px\">\n            \n\n<div class=\"kksr-icon\" style=\"width: 24px; height: 24px;\"><\/div>\n        <\/div>\n            <div class=\"kksr-star\" data-star=\"5\" style=\"padding-right: 5px\">\n            \n\n<div class=\"kksr-icon\" style=\"width: 24px; height: 24px;\"><\/div>\n        <\/div>\n    <\/div>\n    \n<div class=\"kksr-stars-active\" style=\"width: 0px;\">\n            <div class=\"kksr-star\" style=\"padding-right: 5px\">\n            \n\n<div class=\"kksr-icon\" style=\"width: 24px; height: 24px;\"><\/div>\n        <\/div>\n            <div class=\"kksr-star\" style=\"padding-right: 5px\">\n            \n\n<div class=\"kksr-icon\" style=\"width: 24px; height: 24px;\"><\/div>\n        <\/div>\n            <div class=\"kksr-star\" style=\"padding-right: 5px\">\n            \n\n<div class=\"kksr-icon\" style=\"width: 24px; height: 24px;\"><\/div>\n        <\/div>\n            <div class=\"kksr-star\" style=\"padding-right: 5px\">\n            \n\n<div class=\"kksr-icon\" style=\"width: 24px; height: 24px;\"><\/div>\n        <\/div>\n            <div class=\"kksr-star\" style=\"padding-right: 5px\">\n            \n\n<div class=\"kksr-icon\" style=\"width: 24px; height: 24px;\"><\/div>\n        <\/div>\n    <\/div>\n<\/div>\n                \n\n<div class=\"kksr-legend\" style=\"font-size: 19.2px;\">\n            <span class=\"kksr-muted\">Rate this post<\/span>\n    <\/div>\n    <\/div>\n<h2>Brussel in onzekerheid: op weg naar een wereldrecord voor de afwezigheid van een regering<\/h2>\n<p>Met meer dan 542 dagen zonder volwaardige regering staat het Brussels Gewest op het punt om een weinig benijdenswaardig wereldrecord te vestigen. Deze politieke impasse, die ontstond na de verkiezingen van 9 juni 2024, heeft een negatieve impact op het beheer van de openbare diensten, het vertrouwen van de burgers en de geloofwaardigheid van Brussel als Europese hoofdstad. <\/p>\n<h2>Een wereldrecord inactiviteit<\/h2>\n<p>Op 4 december 2024 zal het Brussels Gewest 542 dagen zonder echte uitvoerende macht hebben doorgebracht, \u00e9\u00e9n dag meer dan het vorige Belgische record van 541 dagen in handen van de federale regering tussen 2010 en 2011. De hoofdstad van Europa neemt zo de leiding in een rangschikking die gedomineerd wordt door Belgi\u00eb, dat ook op de derde plaats staat met 493 dagen zonder federale regering in 2020-2021. Internationaal komen alleen Libanon (396 dagen in 2021) en Cambodja (354 dagen in 2004) in de top 5 voor. Deze statistiek benadrukt de terugkerende moeilijkheden die Belgische politici hebben om stabiele coalities te smeden.   <\/p>\n<h2>De wortels van een impasse in Brussel<\/h2>\n<p>Brussel, een tweetalige stad en de zetel van veel Europese instellingen, weerspiegelt de complexiteit van het Belgische systeem, dat gebaseerd is op het naast elkaar bestaan van drie taalgebieden. De regionale verkiezingen van 9 juni 2024 versterkten de versnippering van de assemblee: MR, PS, Ecolo, D\u00e9FI, PTB en andere kleine partijen strijden om bijna evenveel zetels, zonder dat een alliantie een duidelijke meerderheid kan behalen. Tegen een achtergrond van rivaliteit tussen de gemeenschappen is elk kamp bang om te veel terrein prijs te geven op zijn ideologische prioriteiten, of het nu gaat om veiligheid in de stad, sociale huisvesting of mobiliteit.  <\/p>\n<h2>Gevolgen voor openbare diensten en de economie<\/h2>\n<p>Praktisch gezien vertraagt de afwezigheid van een Brusselse uitvoerende macht essenti\u00eble beslissingen. Begrotingen moeten worden goedgekeurd als een afwachtende dienst, zonder nieuwe ambities voor de ontwikkeling van vervoer of de bestrijding van vervuiling. Verwachte investeringen in infrastructuur, waaronder Europese projecten, blijven uit, wat de economische aantrekkingskracht van de regio belemmert. Op lange termijn kan het gebrek aan duidelijke politieke vooruitzichten het vertrouwen van investeerders ondermijnen en de sociale spanningen doen toenemen, wat al duidelijk werd toen 500 mensen een mars hielden om een meerderheidsregering te eisen.   <\/p>\n<h2>Politieke verdeeldheid en gemeenschapskwesties<\/h2>\n<p>In het hart van de patstelling blijven de traditionele tegenstellingen bestaan. Aan Franstalige zijde wil de PS een sociaal evenwicht bewaren en het cohesiebeleid financieren, terwijl D\u00e9FI aandringt op een streng bestuur tegen criminaliteit. Aan Vlaamse kant is de MR voorstander van economisch concurrentievermogen en streng beheer van de overheidsfinanci\u00ebn, maar botst met Ecolo en de PTB over klimaatkwesties en herverdeling. Bernard Clerfayt (D\u00e9FI) vat het dilemma samen: <em>&#8220;Je hebt een meerderheidsregering nodig om moeilijke maatregelen te nemen&#8221;,<\/em> maar de meerderheid weigert te vormen zolang elke partij niet verzekerd is van haar garanties.   <\/p>\n<h2>Een democratische en institutionele uitdaging<\/h2>\n<p>Afgezien van de onderhandelingen wordt de structuur zelf van het Belgisch federalisme in vraag gesteld. Hoe kan een doeltreffender bemiddelingsmechanisme worden gevonden voor de verkiezing van de minister-president of de toewijzing van de portefeuilles? Moet er een kaderwet komen om de duur van de crisis te beperken of moet het regionale kiesstelsel worden herzien om minder gefragmenteerde coalities aan te moedigen? De ge\u00efnterviewde deskundigen wijzen erop dat er dringend behoefte is aan een algemene reflectie, aangezien de crises van 2010-2011 en 2020-2021 hebben aangetoond dat een soortgelijk scenario zich zou kunnen herhalen.   <\/p>\n<h2>Naar een oplossing en hervormingen<\/h2>\n<p>Er tekenen zich verschillende scenario&#8217;s af. Enerzijds zou de heronderhandeling van programma&#8217;s een meerderheid van MR-PS-Ecolo kunnen deblokkeren, op voorwaarde dat er een compromis wordt gesloten over de begrotings- en milieuprioriteiten. Anderzijds zou een minderheidsregering op basis van ad-hocakkoorden een tijdelijke oplossing bieden, maar het risico lopen de legitimiteit te missen om echte hervormingen door te voeren. Tot slot wint het idee van institutionele hervormingen, met bijvoorbeeld een hogere kiesdrempel of een automatisch crisisexitmechanisme, terrein onder sommige constitutionalisten. Welke weg ook wordt gekozen, de uitdaging is duidelijk: een uitvoerende macht die in staat is om te regeren naar Brussel terugsturen voordat de 600 dagen van inactiviteit zijn gepasseerd.    <\/p>\n","protected":false},"excerpt":{"rendered":"<p>Brussel in onzekerheid: op weg naar een wereldrecord voor de afwezigheid van een regering Met meer dan 542 dagen zonder volwaardige regering staat het Brussels Gewest op het punt om een weinig benijdenswaardig wereldrecord te vestigen. Deze politieke impasse, die ontstond na de verkiezingen van 9 juni 2024, heeft een negatieve impact op het beheer [&hellip;]<\/p>\n","protected":false},"author":14,"featured_media":10025,"comment_status":"closed","ping_status":"closed","sticky":false,"template":"","format":"standard","meta":{"_et_pb_use_builder":"","_et_pb_old_content":"","_et_gb_content_width":"","_jetpack_memberships_contains_paid_content":false,"footnotes":""},"categories":[288],"tags":[],"class_list":["post-10029","post","type-post","status-publish","format-standard","has-post-thumbnail","hentry","category-nieuws-brussel"],"yoast_head":"<!-- This site is optimized with the Yoast SEO plugin v27.5 - https:\/\/yoast.com\/product\/yoast-seo-wordpress\/ -->\n<title>Politieke crisis in het Brussels Gewest: hier is de chronologie van het wereldrecord zonder volledige regering - Information-bruxelles.be<\/title>\n<meta name=\"robots\" content=\"index, follow, max-snippet:-1, max-image-preview:large, max-video-preview:-1\" \/>\n<link rel=\"canonical\" href=\"https:\/\/www.information-bruxelles.be\/nl\/politieke-crisis-in-het-brussels-gewest-hier-is-de-chronologie-van-het-wereldrecord-zonder-volledige-regering\/\" \/>\n<meta property=\"og:locale\" content=\"nl_NL\" \/>\n<meta property=\"og:type\" content=\"article\" \/>\n<meta property=\"og:title\" content=\"Politieke crisis in het Brussels Gewest: hier is de chronologie van het wereldrecord zonder volledige regering - Information-bruxelles.be\" \/>\n<meta property=\"og:description\" content=\"Brussel in onzekerheid: op weg naar een wereldrecord voor de afwezigheid van een regering Met meer dan 542 dagen zonder volwaardige regering staat het Brussels Gewest op het punt om een weinig benijdenswaardig wereldrecord te vestigen. Deze politieke impasse, die ontstond na de verkiezingen van 9 juni 2024, heeft een negatieve impact op het beheer [&hellip;]\" \/>\n<meta property=\"og:url\" content=\"https:\/\/www.information-bruxelles.be\/nl\/politieke-crisis-in-het-brussels-gewest-hier-is-de-chronologie-van-het-wereldrecord-zonder-volledige-regering\/\" \/>\n<meta property=\"og:site_name\" content=\"Information-bruxelles.be\" \/>\n<meta property=\"article:published_time\" content=\"2025-12-03T06:57:54+00:00\" \/>\n<meta property=\"og:image\" content=\"https:\/\/www.information-bruxelles.be\/wp-content\/uploads\/2025\/12\/file-2.jpg\" \/>\n\t<meta property=\"og:image:width\" content=\"1200\" \/>\n\t<meta property=\"og:image:height\" content=\"686\" \/>\n\t<meta property=\"og:image:type\" content=\"image\/jpeg\" \/>\n<meta name=\"author\" content=\"Olivier Meynaerts\" \/>\n<meta name=\"twitter:card\" content=\"summary_large_image\" \/>\n<meta name=\"twitter:label1\" content=\"Geschreven door\" \/>\n\t<meta name=\"twitter:data1\" content=\"Olivier Meynaerts\" \/>\n\t<meta name=\"twitter:label2\" content=\"Geschatte leestijd\" \/>\n\t<meta name=\"twitter:data2\" content=\"3 minuten\" \/>\n<script type=\"application\/ld+json\" class=\"yoast-schema-graph\">{\"@context\":\"https:\\\/\\\/schema.org\",\"@graph\":[{\"@type\":\"Article\",\"@id\":\"https:\\\/\\\/www.information-bruxelles.be\\\/nl\\\/politieke-crisis-in-het-brussels-gewest-hier-is-de-chronologie-van-het-wereldrecord-zonder-volledige-regering\\\/#article\",\"isPartOf\":{\"@id\":\"https:\\\/\\\/www.information-bruxelles.be\\\/nl\\\/politieke-crisis-in-het-brussels-gewest-hier-is-de-chronologie-van-het-wereldrecord-zonder-volledige-regering\\\/\"},\"author\":{\"name\":\"Olivier Meynaerts\",\"@id\":\"https:\\\/\\\/www.information-bruxelles.be\\\/nl\\\/#\\\/schema\\\/person\\\/8efd13a6ea16e6e4855480348ab7dfac\"},\"headline\":\"Politieke crisis in het Brussels Gewest: hier is de chronologie van het wereldrecord zonder volledige regering\",\"datePublished\":\"2025-12-03T06:57:54+00:00\",\"mainEntityOfPage\":{\"@id\":\"https:\\\/\\\/www.information-bruxelles.be\\\/nl\\\/politieke-crisis-in-het-brussels-gewest-hier-is-de-chronologie-van-het-wereldrecord-zonder-volledige-regering\\\/\"},\"wordCount\":690,\"publisher\":{\"@id\":\"https:\\\/\\\/www.information-bruxelles.be\\\/nl\\\/#organization\"},\"image\":{\"@id\":\"https:\\\/\\\/www.information-bruxelles.be\\\/nl\\\/politieke-crisis-in-het-brussels-gewest-hier-is-de-chronologie-van-het-wereldrecord-zonder-volledige-regering\\\/#primaryimage\"},\"thumbnailUrl\":\"https:\\\/\\\/www.information-bruxelles.be\\\/wp-content\\\/uploads\\\/2025\\\/12\\\/file-2.jpg\",\"articleSection\":[\"Nieuws Brussel\"],\"inLanguage\":\"nl-NL\"},{\"@type\":\"WebPage\",\"@id\":\"https:\\\/\\\/www.information-bruxelles.be\\\/nl\\\/politieke-crisis-in-het-brussels-gewest-hier-is-de-chronologie-van-het-wereldrecord-zonder-volledige-regering\\\/\",\"url\":\"https:\\\/\\\/www.information-bruxelles.be\\\/nl\\\/politieke-crisis-in-het-brussels-gewest-hier-is-de-chronologie-van-het-wereldrecord-zonder-volledige-regering\\\/\",\"name\":\"Politieke crisis in het Brussels Gewest: hier is de chronologie van het wereldrecord zonder volledige regering - Information-bruxelles.be\",\"isPartOf\":{\"@id\":\"https:\\\/\\\/www.information-bruxelles.be\\\/nl\\\/#website\"},\"primaryImageOfPage\":{\"@id\":\"https:\\\/\\\/www.information-bruxelles.be\\\/nl\\\/politieke-crisis-in-het-brussels-gewest-hier-is-de-chronologie-van-het-wereldrecord-zonder-volledige-regering\\\/#primaryimage\"},\"image\":{\"@id\":\"https:\\\/\\\/www.information-bruxelles.be\\\/nl\\\/politieke-crisis-in-het-brussels-gewest-hier-is-de-chronologie-van-het-wereldrecord-zonder-volledige-regering\\\/#primaryimage\"},\"thumbnailUrl\":\"https:\\\/\\\/www.information-bruxelles.be\\\/wp-content\\\/uploads\\\/2025\\\/12\\\/file-2.jpg\",\"datePublished\":\"2025-12-03T06:57:54+00:00\",\"breadcrumb\":{\"@id\":\"https:\\\/\\\/www.information-bruxelles.be\\\/nl\\\/politieke-crisis-in-het-brussels-gewest-hier-is-de-chronologie-van-het-wereldrecord-zonder-volledige-regering\\\/#breadcrumb\"},\"inLanguage\":\"nl-NL\",\"potentialAction\":[{\"@type\":\"ReadAction\",\"target\":[\"https:\\\/\\\/www.information-bruxelles.be\\\/nl\\\/politieke-crisis-in-het-brussels-gewest-hier-is-de-chronologie-van-het-wereldrecord-zonder-volledige-regering\\\/\"]}]},{\"@type\":\"ImageObject\",\"inLanguage\":\"nl-NL\",\"@id\":\"https:\\\/\\\/www.information-bruxelles.be\\\/nl\\\/politieke-crisis-in-het-brussels-gewest-hier-is-de-chronologie-van-het-wereldrecord-zonder-volledige-regering\\\/#primaryimage\",\"url\":\"https:\\\/\\\/www.information-bruxelles.be\\\/wp-content\\\/uploads\\\/2025\\\/12\\\/file-2.jpg\",\"contentUrl\":\"https:\\\/\\\/www.information-bruxelles.be\\\/wp-content\\\/uploads\\\/2025\\\/12\\\/file-2.jpg\",\"width\":1200,\"height\":686},{\"@type\":\"BreadcrumbList\",\"@id\":\"https:\\\/\\\/www.information-bruxelles.be\\\/nl\\\/politieke-crisis-in-het-brussels-gewest-hier-is-de-chronologie-van-het-wereldrecord-zonder-volledige-regering\\\/#breadcrumb\",\"itemListElement\":[{\"@type\":\"ListItem\",\"position\":1,\"name\":\"Accueil\",\"item\":\"https:\\\/\\\/www.information-bruxelles.be\\\/nl\\\/\"},{\"@type\":\"ListItem\",\"position\":2,\"name\":\"Ongecategoriseerd\",\"item\":\"https:\\\/\\\/www.information-bruxelles.be\\\/nl\\\/category\\\/ongecategoriseerd\\\/\"},{\"@type\":\"ListItem\",\"position\":3,\"name\":\"Politieke crisis in het Brussels Gewest: hier is de chronologie van het wereldrecord zonder volledige regering\"}]},{\"@type\":\"WebSite\",\"@id\":\"https:\\\/\\\/www.information-bruxelles.be\\\/nl\\\/#website\",\"url\":\"https:\\\/\\\/www.information-bruxelles.be\\\/nl\\\/\",\"name\":\"Information-bruxelles.be\",\"description\":\"Le blog conseil survivaliste\",\"publisher\":{\"@id\":\"https:\\\/\\\/www.information-bruxelles.be\\\/nl\\\/#organization\"},\"potentialAction\":[{\"@type\":\"SearchAction\",\"target\":{\"@type\":\"EntryPoint\",\"urlTemplate\":\"https:\\\/\\\/www.information-bruxelles.be\\\/nl\\\/?s={search_term_string}\"},\"query-input\":{\"@type\":\"PropertyValueSpecification\",\"valueRequired\":true,\"valueName\":\"search_term_string\"}}],\"inLanguage\":\"nl-NL\"},{\"@type\":\"Organization\",\"@id\":\"https:\\\/\\\/www.information-bruxelles.be\\\/nl\\\/#organization\",\"name\":\"Information-bruxelles.be\",\"url\":\"https:\\\/\\\/www.information-bruxelles.be\\\/nl\\\/\",\"logo\":{\"@type\":\"ImageObject\",\"inLanguage\":\"nl-NL\",\"@id\":\"https:\\\/\\\/www.information-bruxelles.be\\\/nl\\\/#\\\/schema\\\/logo\\\/image\\\/\",\"url\":\"\",\"contentUrl\":\"\",\"caption\":\"Information-bruxelles.be\"},\"image\":{\"@id\":\"https:\\\/\\\/www.information-bruxelles.be\\\/nl\\\/#\\\/schema\\\/logo\\\/image\\\/\"}},{\"@type\":\"Person\",\"@id\":\"https:\\\/\\\/www.information-bruxelles.be\\\/nl\\\/#\\\/schema\\\/person\\\/8efd13a6ea16e6e4855480348ab7dfac\",\"name\":\"Olivier Meynaerts\",\"description\":\"Olivier Meynaerts est un \u00e9ditorialiste aguerri avec une exp\u00e9rience dans le domaine de l\u2019analyse et de la critique. Reconnu pour sa capacit\u00e9 \u00e0 interpr\u00e9ter l\u2019actualit\u00e9 avec perspicacit\u00e9, il offre des perspectives \u00e9clair\u00e9es et provocantes. Sa plume incisive et son engagement envers une information de qualit\u00e9 font de lui un leader d\u2019opinion respect\u00e9, guidant notre \u00e9quipe avec d\u00e9termination.\",\"url\":\"https:\\\/\\\/www.information-bruxelles.be\\\/nl\\\/author\\\/olivier-meynaerts\\\/\"}]}<\/script>\n<!-- \/ Yoast SEO plugin. -->","yoast_head_json":{"title":"Politieke crisis in het Brussels Gewest: hier is de chronologie van het wereldrecord zonder volledige regering - Information-bruxelles.be","robots":{"index":"index","follow":"follow","max-snippet":"max-snippet:-1","max-image-preview":"max-image-preview:large","max-video-preview":"max-video-preview:-1"},"canonical":"https:\/\/www.information-bruxelles.be\/nl\/politieke-crisis-in-het-brussels-gewest-hier-is-de-chronologie-van-het-wereldrecord-zonder-volledige-regering\/","og_locale":"nl_NL","og_type":"article","og_title":"Politieke crisis in het Brussels Gewest: hier is de chronologie van het wereldrecord zonder volledige regering - Information-bruxelles.be","og_description":"Brussel in onzekerheid: op weg naar een wereldrecord voor de afwezigheid van een regering Met meer dan 542 dagen zonder volwaardige regering staat het Brussels Gewest op het punt om een weinig benijdenswaardig wereldrecord te vestigen. Deze politieke impasse, die ontstond na de verkiezingen van 9 juni 2024, heeft een negatieve impact op het beheer [&hellip;]","og_url":"https:\/\/www.information-bruxelles.be\/nl\/politieke-crisis-in-het-brussels-gewest-hier-is-de-chronologie-van-het-wereldrecord-zonder-volledige-regering\/","og_site_name":"Information-bruxelles.be","article_published_time":"2025-12-03T06:57:54+00:00","og_image":[{"width":1200,"height":686,"url":"https:\/\/www.information-bruxelles.be\/wp-content\/uploads\/2025\/12\/file-2.jpg","type":"image\/jpeg"}],"author":"Olivier Meynaerts","twitter_card":"summary_large_image","twitter_misc":{"Geschreven door":"Olivier Meynaerts","Geschatte leestijd":"3 minuten"},"schema":{"@context":"https:\/\/schema.org","@graph":[{"@type":"Article","@id":"https:\/\/www.information-bruxelles.be\/nl\/politieke-crisis-in-het-brussels-gewest-hier-is-de-chronologie-van-het-wereldrecord-zonder-volledige-regering\/#article","isPartOf":{"@id":"https:\/\/www.information-bruxelles.be\/nl\/politieke-crisis-in-het-brussels-gewest-hier-is-de-chronologie-van-het-wereldrecord-zonder-volledige-regering\/"},"author":{"name":"Olivier Meynaerts","@id":"https:\/\/www.information-bruxelles.be\/nl\/#\/schema\/person\/8efd13a6ea16e6e4855480348ab7dfac"},"headline":"Politieke crisis in het Brussels Gewest: hier is de chronologie van het wereldrecord zonder volledige regering","datePublished":"2025-12-03T06:57:54+00:00","mainEntityOfPage":{"@id":"https:\/\/www.information-bruxelles.be\/nl\/politieke-crisis-in-het-brussels-gewest-hier-is-de-chronologie-van-het-wereldrecord-zonder-volledige-regering\/"},"wordCount":690,"publisher":{"@id":"https:\/\/www.information-bruxelles.be\/nl\/#organization"},"image":{"@id":"https:\/\/www.information-bruxelles.be\/nl\/politieke-crisis-in-het-brussels-gewest-hier-is-de-chronologie-van-het-wereldrecord-zonder-volledige-regering\/#primaryimage"},"thumbnailUrl":"https:\/\/www.information-bruxelles.be\/wp-content\/uploads\/2025\/12\/file-2.jpg","articleSection":["Nieuws Brussel"],"inLanguage":"nl-NL"},{"@type":"WebPage","@id":"https:\/\/www.information-bruxelles.be\/nl\/politieke-crisis-in-het-brussels-gewest-hier-is-de-chronologie-van-het-wereldrecord-zonder-volledige-regering\/","url":"https:\/\/www.information-bruxelles.be\/nl\/politieke-crisis-in-het-brussels-gewest-hier-is-de-chronologie-van-het-wereldrecord-zonder-volledige-regering\/","name":"Politieke crisis in het Brussels Gewest: hier is de chronologie van het wereldrecord zonder volledige regering - Information-bruxelles.be","isPartOf":{"@id":"https:\/\/www.information-bruxelles.be\/nl\/#website"},"primaryImageOfPage":{"@id":"https:\/\/www.information-bruxelles.be\/nl\/politieke-crisis-in-het-brussels-gewest-hier-is-de-chronologie-van-het-wereldrecord-zonder-volledige-regering\/#primaryimage"},"image":{"@id":"https:\/\/www.information-bruxelles.be\/nl\/politieke-crisis-in-het-brussels-gewest-hier-is-de-chronologie-van-het-wereldrecord-zonder-volledige-regering\/#primaryimage"},"thumbnailUrl":"https:\/\/www.information-bruxelles.be\/wp-content\/uploads\/2025\/12\/file-2.jpg","datePublished":"2025-12-03T06:57:54+00:00","breadcrumb":{"@id":"https:\/\/www.information-bruxelles.be\/nl\/politieke-crisis-in-het-brussels-gewest-hier-is-de-chronologie-van-het-wereldrecord-zonder-volledige-regering\/#breadcrumb"},"inLanguage":"nl-NL","potentialAction":[{"@type":"ReadAction","target":["https:\/\/www.information-bruxelles.be\/nl\/politieke-crisis-in-het-brussels-gewest-hier-is-de-chronologie-van-het-wereldrecord-zonder-volledige-regering\/"]}]},{"@type":"ImageObject","inLanguage":"nl-NL","@id":"https:\/\/www.information-bruxelles.be\/nl\/politieke-crisis-in-het-brussels-gewest-hier-is-de-chronologie-van-het-wereldrecord-zonder-volledige-regering\/#primaryimage","url":"https:\/\/www.information-bruxelles.be\/wp-content\/uploads\/2025\/12\/file-2.jpg","contentUrl":"https:\/\/www.information-bruxelles.be\/wp-content\/uploads\/2025\/12\/file-2.jpg","width":1200,"height":686},{"@type":"BreadcrumbList","@id":"https:\/\/www.information-bruxelles.be\/nl\/politieke-crisis-in-het-brussels-gewest-hier-is-de-chronologie-van-het-wereldrecord-zonder-volledige-regering\/#breadcrumb","itemListElement":[{"@type":"ListItem","position":1,"name":"Accueil","item":"https:\/\/www.information-bruxelles.be\/nl\/"},{"@type":"ListItem","position":2,"name":"Ongecategoriseerd","item":"https:\/\/www.information-bruxelles.be\/nl\/category\/ongecategoriseerd\/"},{"@type":"ListItem","position":3,"name":"Politieke crisis in het Brussels Gewest: hier is de chronologie van het wereldrecord zonder volledige regering"}]},{"@type":"WebSite","@id":"https:\/\/www.information-bruxelles.be\/nl\/#website","url":"https:\/\/www.information-bruxelles.be\/nl\/","name":"Information-bruxelles.be","description":"Le blog conseil survivaliste","publisher":{"@id":"https:\/\/www.information-bruxelles.be\/nl\/#organization"},"potentialAction":[{"@type":"SearchAction","target":{"@type":"EntryPoint","urlTemplate":"https:\/\/www.information-bruxelles.be\/nl\/?s={search_term_string}"},"query-input":{"@type":"PropertyValueSpecification","valueRequired":true,"valueName":"search_term_string"}}],"inLanguage":"nl-NL"},{"@type":"Organization","@id":"https:\/\/www.information-bruxelles.be\/nl\/#organization","name":"Information-bruxelles.be","url":"https:\/\/www.information-bruxelles.be\/nl\/","logo":{"@type":"ImageObject","inLanguage":"nl-NL","@id":"https:\/\/www.information-bruxelles.be\/nl\/#\/schema\/logo\/image\/","url":"","contentUrl":"","caption":"Information-bruxelles.be"},"image":{"@id":"https:\/\/www.information-bruxelles.be\/nl\/#\/schema\/logo\/image\/"}},{"@type":"Person","@id":"https:\/\/www.information-bruxelles.be\/nl\/#\/schema\/person\/8efd13a6ea16e6e4855480348ab7dfac","name":"Olivier Meynaerts","description":"Olivier Meynaerts est un \u00e9ditorialiste aguerri avec une exp\u00e9rience dans le domaine de l\u2019analyse et de la critique. Reconnu pour sa capacit\u00e9 \u00e0 interpr\u00e9ter l\u2019actualit\u00e9 avec perspicacit\u00e9, il offre des perspectives \u00e9clair\u00e9es et provocantes. Sa plume incisive et son engagement envers une information de qualit\u00e9 font de lui un leader d\u2019opinion respect\u00e9, guidant notre \u00e9quipe avec d\u00e9termination.","url":"https:\/\/www.information-bruxelles.be\/nl\/author\/olivier-meynaerts\/"}]}},"jetpack_featured_media_url":"https:\/\/www.information-bruxelles.be\/wp-content\/uploads\/2025\/12\/file-2.jpg","jetpack_sharing_enabled":true,"_links":{"self":[{"href":"https:\/\/www.information-bruxelles.be\/nl\/wp-json\/wp\/v2\/posts\/10029","targetHints":{"allow":["GET"]}}],"collection":[{"href":"https:\/\/www.information-bruxelles.be\/nl\/wp-json\/wp\/v2\/posts"}],"about":[{"href":"https:\/\/www.information-bruxelles.be\/nl\/wp-json\/wp\/v2\/types\/post"}],"author":[{"embeddable":true,"href":"https:\/\/www.information-bruxelles.be\/nl\/wp-json\/wp\/v2\/users\/14"}],"replies":[{"embeddable":true,"href":"https:\/\/www.information-bruxelles.be\/nl\/wp-json\/wp\/v2\/comments?post=10029"}],"version-history":[{"count":0,"href":"https:\/\/www.information-bruxelles.be\/nl\/wp-json\/wp\/v2\/posts\/10029\/revisions"}],"wp:featuredmedia":[{"embeddable":true,"href":"https:\/\/www.information-bruxelles.be\/nl\/wp-json\/wp\/v2\/media\/10025"}],"wp:attachment":[{"href":"https:\/\/www.information-bruxelles.be\/nl\/wp-json\/wp\/v2\/media?parent=10029"}],"wp:term":[{"taxonomy":"category","embeddable":true,"href":"https:\/\/www.information-bruxelles.be\/nl\/wp-json\/wp\/v2\/categories?post=10029"},{"taxonomy":"post_tag","embeddable":true,"href":"https:\/\/www.information-bruxelles.be\/nl\/wp-json\/wp\/v2\/tags?post=10029"}],"curies":[{"name":"wp","href":"https:\/\/api.w.org\/{rel}","templated":true}]}}