{"id":10010,"date":"2025-08-06T11:54:34","date_gmt":"2025-08-06T11:54:34","guid":{"rendered":"https:\/\/www.information-bruxelles.be\/lente-evenementen-in-brussel-het-ontwaken-van-de-natuur-en-de-eerste-festiviteiten\/"},"modified":"2025-08-06T11:54:34","modified_gmt":"2025-08-06T11:54:34","slug":"lente-evenementen-in-brussel-het-ontwaken-van-de-natuur-en-de-eerste-festiviteiten","status":"publish","type":"post","link":"https:\/\/www.information-bruxelles.be\/nl\/lente-evenementen-in-brussel-het-ontwaken-van-de-natuur-en-de-eerste-festiviteiten\/","title":{"rendered":"Lente-evenementen in Brussel: Het ontwaken van de natuur en de eerste festiviteiten"},"content":{"rendered":"\n\n<div class=\"kk-star-ratings kksr-auto kksr-align-left kksr-valign-top\"\n    data-payload='{&quot;align&quot;:&quot;left&quot;,&quot;id&quot;:&quot;10010&quot;,&quot;slug&quot;:&quot;default&quot;,&quot;valign&quot;:&quot;top&quot;,&quot;ignore&quot;:&quot;&quot;,&quot;reference&quot;:&quot;auto&quot;,&quot;class&quot;:&quot;&quot;,&quot;count&quot;:&quot;0&quot;,&quot;legendonly&quot;:&quot;&quot;,&quot;readonly&quot;:&quot;&quot;,&quot;score&quot;:&quot;0&quot;,&quot;starsonly&quot;:&quot;&quot;,&quot;best&quot;:&quot;5&quot;,&quot;gap&quot;:&quot;5&quot;,&quot;greet&quot;:&quot;Rate this post&quot;,&quot;legend&quot;:&quot;0\\\/5 - (0 stemmen)&quot;,&quot;size&quot;:&quot;24&quot;,&quot;title&quot;:&quot;Lente-evenementen in Brussel: Het ontwaken van de natuur en de eerste festiviteiten&quot;,&quot;width&quot;:&quot;0&quot;,&quot;_legend&quot;:&quot;{score}\\\/{best} - ({count} {votes})&quot;,&quot;font_factor&quot;:&quot;1.25&quot;}'>\n            \n<div class=\"kksr-stars\">\n    \n<div class=\"kksr-stars-inactive\">\n            <div class=\"kksr-star\" data-star=\"1\" style=\"padding-right: 5px\">\n            \n\n<div class=\"kksr-icon\" style=\"width: 24px; height: 24px;\"><\/div>\n        <\/div>\n            <div class=\"kksr-star\" data-star=\"2\" style=\"padding-right: 5px\">\n            \n\n<div class=\"kksr-icon\" style=\"width: 24px; height: 24px;\"><\/div>\n        <\/div>\n            <div class=\"kksr-star\" data-star=\"3\" style=\"padding-right: 5px\">\n            \n\n<div class=\"kksr-icon\" style=\"width: 24px; height: 24px;\"><\/div>\n        <\/div>\n            <div class=\"kksr-star\" data-star=\"4\" style=\"padding-right: 5px\">\n            \n\n<div class=\"kksr-icon\" style=\"width: 24px; height: 24px;\"><\/div>\n        <\/div>\n            <div class=\"kksr-star\" data-star=\"5\" style=\"padding-right: 5px\">\n            \n\n<div class=\"kksr-icon\" style=\"width: 24px; height: 24px;\"><\/div>\n        <\/div>\n    <\/div>\n    \n<div class=\"kksr-stars-active\" style=\"width: 0px;\">\n            <div class=\"kksr-star\" style=\"padding-right: 5px\">\n            \n\n<div class=\"kksr-icon\" style=\"width: 24px; height: 24px;\"><\/div>\n        <\/div>\n            <div class=\"kksr-star\" style=\"padding-right: 5px\">\n            \n\n<div class=\"kksr-icon\" style=\"width: 24px; height: 24px;\"><\/div>\n        <\/div>\n            <div class=\"kksr-star\" style=\"padding-right: 5px\">\n            \n\n<div class=\"kksr-icon\" style=\"width: 24px; height: 24px;\"><\/div>\n        <\/div>\n            <div class=\"kksr-star\" style=\"padding-right: 5px\">\n            \n\n<div class=\"kksr-icon\" style=\"width: 24px; height: 24px;\"><\/div>\n        <\/div>\n            <div class=\"kksr-star\" style=\"padding-right: 5px\">\n            \n\n<div class=\"kksr-icon\" style=\"width: 24px; height: 24px;\"><\/div>\n        <\/div>\n    <\/div>\n<\/div>\n                \n\n<div class=\"kksr-legend\" style=\"font-size: 19.2px;\">\n            <span class=\"kksr-muted\">Rate this post<\/span>\n    <\/div>\n    <\/div>\n<p data-start=\"1115\" data-end=\"1643\">De lente in Brussel is een seizoen van vernieuwing, wanneer de stad ontwaakt na de wintermaanden. De dagen worden langer, de temperaturen milder en de Belgische hoofdstad verandert in een waar <strong data-start=\"1328\" data-end=\"1364\">paradijs van culturele<\/strong>, gastronomische en artistieke <strong data-start=\"1328\" data-end=\"1364\">evenementen<\/strong>. De lente in Brussel is ook een gelegenheid om te genieten van de <strong data-start=\"1463\" data-end=\"1472\">parken<\/strong>, <strong data-start=\"1478\" data-end=\"1489\">tuinen<\/strong> en <strong data-start=\"1497\" data-end=\"1514\">groene ruimtes<\/strong> van de stad en deel te nemen aan niet te missen evenementen rond kunst, design, natuur en lokale cultuur.  <\/p>\n<p data-start=\"1645\" data-end=\"1945\">Of u nu een <strong data-start=\"1663\" data-end=\"1675\">inwoner bent die<\/strong> op zoek is naar iets nieuws om te ontdekken of een <strong data-start=\"1722\" data-end=\"1734\">toerist<\/strong> die de Belgische hoofdstad eens van een andere kant wil bekijken, de lente in Brussel biedt tal van activiteiten die u niet mag missen. Hier volgt een selectie van de belangrijkste evenementen in dit seizoen. <\/p>\n<h2 data-start=\"1947\" data-end=\"2036\"><strong data-start=\"1950\" data-end=\"2036\">Brussels Design Week: een festival voor liefhebbers van design en architectuur<\/strong><\/h2>\n<p data-start=\"2038\" data-end=\"2482\"><strong data-start=\"2041\" data-end=\"2065\">Brussels Design Week<\/strong> is een belangrijk evenement voor liefhebbers van <strong data-start=\"2110\" data-end=\"2120\">design<\/strong> en<strong data-start=\"2126\" data-end=\"2142\">architectuur<\/strong>. Het evenement wordt elk jaar in de lente gehouden en is een gelegenheid om de nieuwste <strong data-start=\"2228\" data-end=\"2243\">innovaties<\/strong> en <strong data-start=\"2247\" data-end=\"2260\">trends<\/strong> in de designwereld te ontdekken. Tal van internationale en Belgische <strong data-start=\"2298\" data-end=\"2311\">exposanten<\/strong> presenteren er <strong data-start=\"2352\" data-end=\"2381\">artistieke installaties<\/strong>, <strong data-start=\"2387\" data-end=\"2407\">moderne meubels<\/strong>, <strong data-start=\"2413\" data-end=\"2437\">decoratieve objecten<\/strong> en innovatieve <strong data-start=\"2445\" data-end=\"2471\">architecturale projecten<\/strong>.  <\/p>\n<p data-start=\"2484\" data-end=\"2942\">Er worden <strong data-start=\"2488\" data-end=\"2503\">tentoonstellingen<\/strong> gehouden op verschillende locaties in de stad, waaronder iconische ruimtes zoals <strong data-start=\"2592\" data-end=\"2601\">BOZAR<\/strong> (Centre des Beaux-Arts) en het <strong data-start=\"2632\" data-end=\"2653\">Vesaliusgebouw<\/strong>. Er zijn ook <strong data-start=\"2659\" data-end=\"2671\">workshops<\/strong> en <strong data-start=\"2679\" data-end=\"2694\">conferenties<\/strong> waar ontwerpers, architecten en ontwerpers hun visies en ervaringen delen. Elk jaar trekt het evenement een groot aantal designliefhebbers,<strong data-start=\"2880\" data-end=\"2892\">kunstenaars<\/strong> en <strong data-start=\"2899\" data-end=\"2917\">professionals uit<\/strong> de creatieve industrie.  <\/p>\n<p data-start=\"2944\" data-end=\"3180\">Naast tentoonstellingen en conferenties biedt <strong data-start=\"2991\" data-end=\"3015\">de Brussels Design Week<\/strong> ook interactieve evenementen en <strong data-start=\"3064\" data-end=\"3083\">rondleidingen<\/strong> waarbij bezoekers de stad kunnen verkennen op zoek naar het beste op het gebied van design.<\/p>\n<h2 data-start=\"3182\" data-end=\"3237\"><strong data-start=\"3185\" data-end=\"3237\">Bloemenfestivals en kortstondige tuinen<\/strong><\/h2>\n<p data-start=\"3239\" data-end=\"3475\">De lente in Brussel is ook synoniem met bloemen en groen. De maand mei is bijzonder rijk aan natuurgerelateerde evenementen, met <strong data-start=\"3394\" data-end=\"3417\">bloemenfestivals<\/strong>, <strong data-start=\"3423\" data-end=\"3445\">plantenmarkten<\/strong> en <strong data-start=\"3453\" data-end=\"3474\">tijdelijke tuinen<\/strong>. <\/p>\n<p data-start=\"3477\" data-end=\"3986\"><strong data-start=\"3480\" data-end=\"3501\">Floralia Brussels<\/strong> is een van de evenementen waar reikhalzend naar wordt uitgekeken. Het vindt elk jaar plaats in het <strong data-start=\"3575\" data-end=\"3602\">Ch\u00e2teau de Grand-Bigard<\/strong>, een prachtig landgoed aan de rand van de stad. Het festival is een viering van <strong data-start=\"3707\" data-end=\"3717\">seizoensbloemen<\/strong> en <strong data-start=\"3725\" data-end=\"3736\">-planten<\/strong>. Bezoekers kunnen <strong data-start=\"3784\" data-end=\"3803\">bloementuinen<\/strong> bewonderen, <strong data-start=\"3819\" data-end=\"3836\">zeldzame soorten<\/strong> ontdekken en deelnemen aan <strong data-start=\"3857\" data-end=\"3882\">tuinierworkshops<\/strong>. Het is de perfecte gelegenheid voor natuurliefhebbers om zich onder te dompelen in een kleurrijke en geurige wereld.    <\/p>\n<p data-start=\"3988\" data-end=\"4381\">De <strong data-start=\"3992\" data-end=\"4013\">kortstondige tuinen<\/strong> van landschapsontwerpers zijn ook een hoogtepunt van het seizoen. Verschillende <strong data-start=\"4106\" data-end=\"4123\">openbare plaatsen<\/strong> en <strong data-start=\"4127\" data-end=\"4136\">parken<\/strong> in Brussel worden omgetoverd tot ware <strong data-start=\"4180\" data-end=\"4206\">kunstwerken van planten<\/strong>. Deze installaties nodigen bezoekers uit om van <strong data-start=\"4264\" data-end=\"4286\">de buitenruimte<\/strong> te genieten terwijl ze originele creaties ontdekken die <strong data-start=\"4348\" data-end=\"4358\">de natuur<\/strong> en<strong data-start=\"4364\" data-end=\"4380\">landschapskunst<\/strong> vieren.  <\/p>\n<h2 data-start=\"4383\" data-end=\"4444\"><strong data-start=\"4386\" data-end=\"4444\">Voorjaarswandelingen en openluchtfestivals<\/strong><\/h2>\n<p data-start=\"4446\" data-end=\"4756\">In het voorjaar biedt Brussel een groot aantal <strong data-start=\"4493\" data-end=\"4511\">wandelingen<\/strong> en <strong data-start=\"4517\" data-end=\"4525\">fietstochten<\/strong> door de prachtige parken en groene ruimten. Het <strong data-start=\"4579\" data-end=\"4605\">Jubelpark<\/strong>, het <strong data-start=\"4610\" data-end=\"4631\">Terkamerenbos<\/strong> en het <strong data-start=\"4639\" data-end=\"4655\">Leopoldpark<\/strong> zijn perfecte plekken om van de natuur te genieten en de stad vanuit een nieuwe invalshoek te ontdekken. <\/p>\n<p data-start=\"4758\" data-end=\"5055\">Elk jaar organiseert Brussel buitenactiviteiten zoals <strong data-start=\"4830\" data-end=\"4849\">begeleide wandelingen<\/strong>, <strong data-start=\"4855\" data-end=\"4878\">stadswandelingen<\/strong> en <strong data-start=\"4886\" data-end=\"4909\">reuzenpicknicks<\/strong>. Deze activiteiten zijn ideaal voor <strong data-start=\"4947\" data-end=\"4959\">gezinnen<\/strong> en <strong data-start=\"4967\" data-end=\"4975\">vrienden<\/strong> die de stad willen verkennen terwijl ze genieten van het zachte lenteweer. <\/p>\n<p data-start=\"5057\" data-end=\"5516\">De lente in Brussel wordt ook gekenmerkt door een aantal <strong data-start=\"5113\" data-end=\"5150\">muziekfestivals in de open lucht<\/strong>. Het <strong data-start=\"5168\" data-end=\"5193\">Brussels Jazz Weekend<\/strong> (in mei) is bijvoorbeeld een gelegenheid om een breed scala aan <strong data-start=\"5254\" data-end=\"5262\">jazzgroepen<\/strong> te ontdekken buiten de concertzalen, op <strong data-start=\"5304\" data-end=\"5326\">openluchtpodia<\/strong> op <strong data-start=\"5336\" data-end=\"5356\">openbare pleinen<\/strong> en <strong data-start=\"5364\" data-end=\"5377\">in de wijken van<\/strong> de stad. De <strong data-start=\"5395\" data-end=\"5416\">gratis concerten<\/strong> en <strong data-start=\"5424\" data-end=\"5447\">straatoptredens<\/strong> geven de lentesfeer een feestelijk en gezellig tintje.  <\/p>\n<h2 data-start=\"5518\" data-end=\"5597\"><strong data-start=\"5521\" data-end=\"5597\">Boerenmarkten en gastronomische lente-evenementen<\/strong><\/h2>\n<p data-start=\"5599\" data-end=\"6054\">De lente is de perfecte tijd om <strong data-start=\"5653\" data-end=\"5672\">lokale producten<\/strong> en de smaken van het seizoen te ontdekken. Overal in de stad zijn <strong data-start=\"5706\" data-end=\"5732\">boerenmarkten<\/strong> met verse kwaliteitsproducten. De <strong data-start=\"5811\" data-end=\"5831\">March\u00e9 de Flagey<\/strong>, de <strong data-start=\"5836\" data-end=\"5875\">March\u00e9 de la Place Sainte-Catherine<\/strong> en de <strong data-start=\"5882\" data-end=\"5900\">March\u00e9 du Midi<\/strong> zijn perfecte plekken om <strong data-start=\"5945\" data-end=\"5962\">verse groenten<\/strong>, <strong data-start=\"5968\" data-end=\"5988\">seizoensfruit<\/strong>, <strong data-start=\"5993\" data-end=\"6004\">kaas<\/strong>, <strong data-start=\"6010\" data-end=\"6020\">kruiden<\/strong> en vele andere lokale producten te kopen.  <\/p>\n<p data-start=\"6056\" data-end=\"6513\"><strong data-start=\"6060\" data-end=\"6088\">Voedselfestivals<\/strong> in de lente zijn ook een geweldige manier om de smaken van de hoofdstad te ontdekken. Het <strong data-start=\"6176\" data-end=\"6208\">Brussels Food Truck Festival<\/strong> wordt elk jaar in mei gehouden en biedt een verscheidenheid aan <strong data-start=\"6272\" data-end=\"6295\">culinaire hoogstandjes<\/strong> van <strong data-start=\"6313\" data-end=\"6328\">foodtrucks<\/strong>. Van <strong data-start=\"6340\" data-end=\"6358\">internationale<\/strong> gerechten tot <strong data-start=\"6363\" data-end=\"6385\">Belgische specialiteiten<\/strong>, dit festival is de perfecte gelegenheid om nieuwe smaken te ontdekken terwijl u geniet van de zonnige sfeer van de stad.  <\/p>\n<p data-start=\"6515\" data-end=\"6819\">Gastronomische evenementen bieden ook <strong data-start=\"6588\" data-end=\"6598\">seizoensproducten<\/strong> zoals <strong data-start=\"6609\" data-end=\"6620\">aardbeien<\/strong> en <strong data-start=\"6628\" data-end=\"6640\">asperges<\/strong>, die in deze tijd van het jaar worden geoogst. Veel restaurants in de stad bieden <strong data-start=\"6739\" data-end=\"6761\">lentemenu&#8217;s<\/strong> met <strong data-start=\"6769\" data-end=\"6787\">verse<\/strong>, <strong data-start=\"6791\" data-end=\"6801\">lokale<\/strong> <strong data-start=\"6769\" data-end=\"6787\">producten<\/strong>. <\/p>\n<h2 data-start=\"6821\" data-end=\"6877\"><strong data-start=\"6824\" data-end=\"6877\">Culturele openluchtevenementen in Brussel<\/strong><\/h2>\n<p data-start=\"6879\" data-end=\"7110\">De lente is ook een tijd voor <strong data-start=\"6921\" data-end=\"6935\">cultuur<\/strong> in de parken en straten van Brussel. Tijdens <strong data-start=\"6986\" data-end=\"7001\">openluchttentoonstellingen<\/strong> en <strong data-start=\"7005\" data-end=\"7024\">festivals<\/strong> kunt u kunstwerken ontdekken terwijl u geniet van het warme weer. <\/p>\n<h3 data-start=\"7112\" data-end=\"7173\"><strong data-start=\"7116\" data-end=\"7173\">Brussels Open Air Cinema: een bioscoop onder de sterren<\/strong><\/h3>\n<p data-start=\"7175\" data-end=\"7655\">Elke zomer biedt de <strong data-start=\"7178\" data-end=\"7206\">Brussels Open Air Cinema<\/strong> gratis filmvoorstellingen aan in een aantal Brusselse parken. Deze openluchtbioscoop is een uitstekende gelegenheid om <strong data-start=\"7361\" data-end=\"7381\">klassieke films<\/strong>, <strong data-start=\"7387\" data-end=\"7404\">documentaires<\/strong> of <strong data-start=\"7412\" data-end=\"7431\">recente werken<\/strong> te ontdekken in een aangenaam kader. De voorstellingen vinden plaats in plaatsen zoals <strong data-start=\"7505\" data-end=\"7531\">het Jubelpark<\/strong>, <strong data-start=\"7536\" data-end=\"7557\">het Terkamerenbos<\/strong> en <strong data-start=\"7562\" data-end=\"7578\">het Flageyplein<\/strong> en cre\u00ebren de perfecte zomersfeer om een film onder de sterrenhemel te bekijken.  <\/p>\n<p data-start=\"7657\" data-end=\"7810\">Tijdens deze evenementen kunnen families, vrienden en toeristen genieten van een unieke filmavond in een gezellige, ontspannen sfeer.<\/p>\n","protected":false},"excerpt":{"rendered":"<p>Beleef de lente in Brussel met zijn muziekevenementen, bloemenfestivals en lokale gastronomie in de openlucht.<\/p>\n","protected":false},"author":13,"featured_media":9888,"comment_status":"closed","ping_status":"closed","sticky":false,"template":"","format":"standard","meta":{"_et_pb_use_builder":"","_et_pb_old_content":"","_et_gb_content_width":"","_jetpack_memberships_contains_paid_content":false,"footnotes":""},"categories":[281,282,287,283,279],"tags":[],"class_list":["post-10010","post","type-post","status-publish","format-standard","has-post-thumbnail","hentry","category-cultuur-vrije-tijd-in-brussel","category-evenementen","category-gratis-goede-deals-voor-een-klein-budget","category-straatvoedsel-markten","category-wandelingen-routes"],"yoast_head":"<!-- This site is optimized with the Yoast SEO plugin v27.5 - https:\/\/yoast.com\/product\/yoast-seo-wordpress\/ -->\n<title>Lente-evenementen in Brussel - Festivals, bloemen en gastronomie<\/title>\n<meta name=\"description\" content=\"Ontdek de niet te missen voorjaarsevenementen in Brussel, van muziekfestivals tot tuinen van voorbijgaande aard, om optimaal van het seizoen te genieten.\" \/>\n<meta name=\"robots\" content=\"index, follow, max-snippet:-1, max-image-preview:large, max-video-preview:-1\" \/>\n<link rel=\"canonical\" href=\"https:\/\/www.information-bruxelles.be\/nl\/lente-evenementen-in-brussel-het-ontwaken-van-de-natuur-en-de-eerste-festiviteiten\/\" \/>\n<meta property=\"og:locale\" content=\"nl_NL\" \/>\n<meta property=\"og:type\" content=\"article\" \/>\n<meta property=\"og:title\" content=\"Lente-evenementen in Brussel - Festivals, bloemen en gastronomie\" \/>\n<meta property=\"og:description\" content=\"Ontdek de niet te missen voorjaarsevenementen in Brussel, van muziekfestivals tot tuinen van voorbijgaande aard, om optimaal van het seizoen te genieten.\" \/>\n<meta property=\"og:url\" content=\"https:\/\/www.information-bruxelles.be\/nl\/lente-evenementen-in-brussel-het-ontwaken-van-de-natuur-en-de-eerste-festiviteiten\/\" \/>\n<meta property=\"og:site_name\" content=\"Information-bruxelles.be\" \/>\n<meta property=\"article:published_time\" content=\"2025-08-06T11:54:34+00:00\" \/>\n<meta property=\"og:image\" content=\"https:\/\/www.information-bruxelles.be\/wp-content\/uploads\/2025\/08\/Images-Articles-information-Bruxelles-15.webp\" \/>\n\t<meta property=\"og:image:width\" content=\"1620\" \/>\n\t<meta property=\"og:image:height\" content=\"1080\" \/>\n\t<meta property=\"og:image:type\" content=\"image\/webp\" \/>\n<meta name=\"author\" content=\"Alice Vandendorpe\" \/>\n<meta name=\"twitter:card\" content=\"summary_large_image\" \/>\n<meta name=\"twitter:label1\" content=\"Geschreven door\" \/>\n\t<meta name=\"twitter:data1\" content=\"Alice Vandendorpe\" \/>\n\t<meta name=\"twitter:label2\" content=\"Geschatte leestijd\" \/>\n\t<meta name=\"twitter:data2\" content=\"4 minuten\" \/>\n<script type=\"application\/ld+json\" class=\"yoast-schema-graph\">{\"@context\":\"https:\\\/\\\/schema.org\",\"@graph\":[{\"@type\":\"Article\",\"@id\":\"https:\\\/\\\/www.information-bruxelles.be\\\/nl\\\/lente-evenementen-in-brussel-het-ontwaken-van-de-natuur-en-de-eerste-festiviteiten\\\/#article\",\"isPartOf\":{\"@id\":\"https:\\\/\\\/www.information-bruxelles.be\\\/nl\\\/lente-evenementen-in-brussel-het-ontwaken-van-de-natuur-en-de-eerste-festiviteiten\\\/\"},\"author\":{\"name\":\"Alice Vandendorpe\",\"@id\":\"https:\\\/\\\/www.information-bruxelles.be\\\/nl\\\/#\\\/schema\\\/person\\\/98741cc6cca3592ec8c415c6e4e43032\"},\"headline\":\"Lente-evenementen in Brussel: Het ontwaken van de natuur en de eerste festiviteiten\",\"datePublished\":\"2025-08-06T11:54:34+00:00\",\"mainEntityOfPage\":{\"@id\":\"https:\\\/\\\/www.information-bruxelles.be\\\/nl\\\/lente-evenementen-in-brussel-het-ontwaken-van-de-natuur-en-de-eerste-festiviteiten\\\/\"},\"wordCount\":853,\"publisher\":{\"@id\":\"https:\\\/\\\/www.information-bruxelles.be\\\/nl\\\/#organization\"},\"image\":{\"@id\":\"https:\\\/\\\/www.information-bruxelles.be\\\/nl\\\/lente-evenementen-in-brussel-het-ontwaken-van-de-natuur-en-de-eerste-festiviteiten\\\/#primaryimage\"},\"thumbnailUrl\":\"https:\\\/\\\/www.information-bruxelles.be\\\/wp-content\\\/uploads\\\/2025\\\/08\\\/Images-Articles-information-Bruxelles-15.webp\",\"articleSection\":[\"Cultuur &amp; vrije tijd in Brussel\",\"evenementen\",\"Gratis goede deals voor een klein budget\",\"Straatvoedsel &amp; markten\",\"Wandelingen &amp; routes\"],\"inLanguage\":\"nl-NL\"},{\"@type\":\"WebPage\",\"@id\":\"https:\\\/\\\/www.information-bruxelles.be\\\/nl\\\/lente-evenementen-in-brussel-het-ontwaken-van-de-natuur-en-de-eerste-festiviteiten\\\/\",\"url\":\"https:\\\/\\\/www.information-bruxelles.be\\\/nl\\\/lente-evenementen-in-brussel-het-ontwaken-van-de-natuur-en-de-eerste-festiviteiten\\\/\",\"name\":\"Lente-evenementen in Brussel - Festivals, bloemen en gastronomie\",\"isPartOf\":{\"@id\":\"https:\\\/\\\/www.information-bruxelles.be\\\/nl\\\/#website\"},\"primaryImageOfPage\":{\"@id\":\"https:\\\/\\\/www.information-bruxelles.be\\\/nl\\\/lente-evenementen-in-brussel-het-ontwaken-van-de-natuur-en-de-eerste-festiviteiten\\\/#primaryimage\"},\"image\":{\"@id\":\"https:\\\/\\\/www.information-bruxelles.be\\\/nl\\\/lente-evenementen-in-brussel-het-ontwaken-van-de-natuur-en-de-eerste-festiviteiten\\\/#primaryimage\"},\"thumbnailUrl\":\"https:\\\/\\\/www.information-bruxelles.be\\\/wp-content\\\/uploads\\\/2025\\\/08\\\/Images-Articles-information-Bruxelles-15.webp\",\"datePublished\":\"2025-08-06T11:54:34+00:00\",\"description\":\"Ontdek de niet te missen voorjaarsevenementen in Brussel, van muziekfestivals tot tuinen van voorbijgaande aard, om optimaal van het seizoen te genieten.\",\"breadcrumb\":{\"@id\":\"https:\\\/\\\/www.information-bruxelles.be\\\/nl\\\/lente-evenementen-in-brussel-het-ontwaken-van-de-natuur-en-de-eerste-festiviteiten\\\/#breadcrumb\"},\"inLanguage\":\"nl-NL\",\"potentialAction\":[{\"@type\":\"ReadAction\",\"target\":[\"https:\\\/\\\/www.information-bruxelles.be\\\/nl\\\/lente-evenementen-in-brussel-het-ontwaken-van-de-natuur-en-de-eerste-festiviteiten\\\/\"]}]},{\"@type\":\"ImageObject\",\"inLanguage\":\"nl-NL\",\"@id\":\"https:\\\/\\\/www.information-bruxelles.be\\\/nl\\\/lente-evenementen-in-brussel-het-ontwaken-van-de-natuur-en-de-eerste-festiviteiten\\\/#primaryimage\",\"url\":\"https:\\\/\\\/www.information-bruxelles.be\\\/wp-content\\\/uploads\\\/2025\\\/08\\\/Images-Articles-information-Bruxelles-15.webp\",\"contentUrl\":\"https:\\\/\\\/www.information-bruxelles.be\\\/wp-content\\\/uploads\\\/2025\\\/08\\\/Images-Articles-information-Bruxelles-15.webp\",\"width\":1620,\"height\":1080},{\"@type\":\"BreadcrumbList\",\"@id\":\"https:\\\/\\\/www.information-bruxelles.be\\\/nl\\\/lente-evenementen-in-brussel-het-ontwaken-van-de-natuur-en-de-eerste-festiviteiten\\\/#breadcrumb\",\"itemListElement\":[{\"@type\":\"ListItem\",\"position\":1,\"name\":\"Accueil\",\"item\":\"https:\\\/\\\/www.information-bruxelles.be\\\/nl\\\/\"},{\"@type\":\"ListItem\",\"position\":2,\"name\":\"Ongecategoriseerd\",\"item\":\"https:\\\/\\\/www.information-bruxelles.be\\\/nl\\\/category\\\/ongecategoriseerd\\\/\"},{\"@type\":\"ListItem\",\"position\":3,\"name\":\"Lente-evenementen in Brussel: Het ontwaken van de natuur en de eerste festiviteiten\"}]},{\"@type\":\"WebSite\",\"@id\":\"https:\\\/\\\/www.information-bruxelles.be\\\/nl\\\/#website\",\"url\":\"https:\\\/\\\/www.information-bruxelles.be\\\/nl\\\/\",\"name\":\"Information-bruxelles.be\",\"description\":\"Le blog conseil survivaliste\",\"publisher\":{\"@id\":\"https:\\\/\\\/www.information-bruxelles.be\\\/nl\\\/#organization\"},\"potentialAction\":[{\"@type\":\"SearchAction\",\"target\":{\"@type\":\"EntryPoint\",\"urlTemplate\":\"https:\\\/\\\/www.information-bruxelles.be\\\/nl\\\/?s={search_term_string}\"},\"query-input\":{\"@type\":\"PropertyValueSpecification\",\"valueRequired\":true,\"valueName\":\"search_term_string\"}}],\"inLanguage\":\"nl-NL\"},{\"@type\":\"Organization\",\"@id\":\"https:\\\/\\\/www.information-bruxelles.be\\\/nl\\\/#organization\",\"name\":\"Information-bruxelles.be\",\"url\":\"https:\\\/\\\/www.information-bruxelles.be\\\/nl\\\/\",\"logo\":{\"@type\":\"ImageObject\",\"inLanguage\":\"nl-NL\",\"@id\":\"https:\\\/\\\/www.information-bruxelles.be\\\/nl\\\/#\\\/schema\\\/logo\\\/image\\\/\",\"url\":\"\",\"contentUrl\":\"\",\"caption\":\"Information-bruxelles.be\"},\"image\":{\"@id\":\"https:\\\/\\\/www.information-bruxelles.be\\\/nl\\\/#\\\/schema\\\/logo\\\/image\\\/\"}},{\"@type\":\"Person\",\"@id\":\"https:\\\/\\\/www.information-bruxelles.be\\\/nl\\\/#\\\/schema\\\/person\\\/98741cc6cca3592ec8c415c6e4e43032\",\"name\":\"Alice Vandendorpe\",\"description\":\"Alice Vandendorpe est une r\u00e9dactrice chevronn\u00e9e avec plus de 10 ans d'exp\u00e9rience dans le journalisme. Elle excelle dans la cr\u00e9ation de contenus captivants et informatifs, et dirige notre \u00e9quipe avec passion et d\u00e9vouement.\",\"url\":\"https:\\\/\\\/www.information-bruxelles.be\\\/nl\\\/author\\\/alice-vandendorpe\\\/\"}]}<\/script>\n<!-- \/ Yoast SEO plugin. -->","yoast_head_json":{"title":"Lente-evenementen in Brussel - Festivals, bloemen en gastronomie","description":"Ontdek de niet te missen voorjaarsevenementen in Brussel, van muziekfestivals tot tuinen van voorbijgaande aard, om optimaal van het seizoen te genieten.","robots":{"index":"index","follow":"follow","max-snippet":"max-snippet:-1","max-image-preview":"max-image-preview:large","max-video-preview":"max-video-preview:-1"},"canonical":"https:\/\/www.information-bruxelles.be\/nl\/lente-evenementen-in-brussel-het-ontwaken-van-de-natuur-en-de-eerste-festiviteiten\/","og_locale":"nl_NL","og_type":"article","og_title":"Lente-evenementen in Brussel - Festivals, bloemen en gastronomie","og_description":"Ontdek de niet te missen voorjaarsevenementen in Brussel, van muziekfestivals tot tuinen van voorbijgaande aard, om optimaal van het seizoen te genieten.","og_url":"https:\/\/www.information-bruxelles.be\/nl\/lente-evenementen-in-brussel-het-ontwaken-van-de-natuur-en-de-eerste-festiviteiten\/","og_site_name":"Information-bruxelles.be","article_published_time":"2025-08-06T11:54:34+00:00","og_image":[{"width":1620,"height":1080,"url":"https:\/\/www.information-bruxelles.be\/wp-content\/uploads\/2025\/08\/Images-Articles-information-Bruxelles-15.webp","type":"image\/webp"}],"author":"Alice Vandendorpe","twitter_card":"summary_large_image","twitter_misc":{"Geschreven door":"Alice Vandendorpe","Geschatte leestijd":"4 minuten"},"schema":{"@context":"https:\/\/schema.org","@graph":[{"@type":"Article","@id":"https:\/\/www.information-bruxelles.be\/nl\/lente-evenementen-in-brussel-het-ontwaken-van-de-natuur-en-de-eerste-festiviteiten\/#article","isPartOf":{"@id":"https:\/\/www.information-bruxelles.be\/nl\/lente-evenementen-in-brussel-het-ontwaken-van-de-natuur-en-de-eerste-festiviteiten\/"},"author":{"name":"Alice Vandendorpe","@id":"https:\/\/www.information-bruxelles.be\/nl\/#\/schema\/person\/98741cc6cca3592ec8c415c6e4e43032"},"headline":"Lente-evenementen in Brussel: Het ontwaken van de natuur en de eerste festiviteiten","datePublished":"2025-08-06T11:54:34+00:00","mainEntityOfPage":{"@id":"https:\/\/www.information-bruxelles.be\/nl\/lente-evenementen-in-brussel-het-ontwaken-van-de-natuur-en-de-eerste-festiviteiten\/"},"wordCount":853,"publisher":{"@id":"https:\/\/www.information-bruxelles.be\/nl\/#organization"},"image":{"@id":"https:\/\/www.information-bruxelles.be\/nl\/lente-evenementen-in-brussel-het-ontwaken-van-de-natuur-en-de-eerste-festiviteiten\/#primaryimage"},"thumbnailUrl":"https:\/\/www.information-bruxelles.be\/wp-content\/uploads\/2025\/08\/Images-Articles-information-Bruxelles-15.webp","articleSection":["Cultuur &amp; vrije tijd in Brussel","evenementen","Gratis goede deals voor een klein budget","Straatvoedsel &amp; markten","Wandelingen &amp; routes"],"inLanguage":"nl-NL"},{"@type":"WebPage","@id":"https:\/\/www.information-bruxelles.be\/nl\/lente-evenementen-in-brussel-het-ontwaken-van-de-natuur-en-de-eerste-festiviteiten\/","url":"https:\/\/www.information-bruxelles.be\/nl\/lente-evenementen-in-brussel-het-ontwaken-van-de-natuur-en-de-eerste-festiviteiten\/","name":"Lente-evenementen in Brussel - Festivals, bloemen en gastronomie","isPartOf":{"@id":"https:\/\/www.information-bruxelles.be\/nl\/#website"},"primaryImageOfPage":{"@id":"https:\/\/www.information-bruxelles.be\/nl\/lente-evenementen-in-brussel-het-ontwaken-van-de-natuur-en-de-eerste-festiviteiten\/#primaryimage"},"image":{"@id":"https:\/\/www.information-bruxelles.be\/nl\/lente-evenementen-in-brussel-het-ontwaken-van-de-natuur-en-de-eerste-festiviteiten\/#primaryimage"},"thumbnailUrl":"https:\/\/www.information-bruxelles.be\/wp-content\/uploads\/2025\/08\/Images-Articles-information-Bruxelles-15.webp","datePublished":"2025-08-06T11:54:34+00:00","description":"Ontdek de niet te missen voorjaarsevenementen in Brussel, van muziekfestivals tot tuinen van voorbijgaande aard, om optimaal van het seizoen te genieten.","breadcrumb":{"@id":"https:\/\/www.information-bruxelles.be\/nl\/lente-evenementen-in-brussel-het-ontwaken-van-de-natuur-en-de-eerste-festiviteiten\/#breadcrumb"},"inLanguage":"nl-NL","potentialAction":[{"@type":"ReadAction","target":["https:\/\/www.information-bruxelles.be\/nl\/lente-evenementen-in-brussel-het-ontwaken-van-de-natuur-en-de-eerste-festiviteiten\/"]}]},{"@type":"ImageObject","inLanguage":"nl-NL","@id":"https:\/\/www.information-bruxelles.be\/nl\/lente-evenementen-in-brussel-het-ontwaken-van-de-natuur-en-de-eerste-festiviteiten\/#primaryimage","url":"https:\/\/www.information-bruxelles.be\/wp-content\/uploads\/2025\/08\/Images-Articles-information-Bruxelles-15.webp","contentUrl":"https:\/\/www.information-bruxelles.be\/wp-content\/uploads\/2025\/08\/Images-Articles-information-Bruxelles-15.webp","width":1620,"height":1080},{"@type":"BreadcrumbList","@id":"https:\/\/www.information-bruxelles.be\/nl\/lente-evenementen-in-brussel-het-ontwaken-van-de-natuur-en-de-eerste-festiviteiten\/#breadcrumb","itemListElement":[{"@type":"ListItem","position":1,"name":"Accueil","item":"https:\/\/www.information-bruxelles.be\/nl\/"},{"@type":"ListItem","position":2,"name":"Ongecategoriseerd","item":"https:\/\/www.information-bruxelles.be\/nl\/category\/ongecategoriseerd\/"},{"@type":"ListItem","position":3,"name":"Lente-evenementen in Brussel: Het ontwaken van de natuur en de eerste festiviteiten"}]},{"@type":"WebSite","@id":"https:\/\/www.information-bruxelles.be\/nl\/#website","url":"https:\/\/www.information-bruxelles.be\/nl\/","name":"Information-bruxelles.be","description":"Le blog conseil survivaliste","publisher":{"@id":"https:\/\/www.information-bruxelles.be\/nl\/#organization"},"potentialAction":[{"@type":"SearchAction","target":{"@type":"EntryPoint","urlTemplate":"https:\/\/www.information-bruxelles.be\/nl\/?s={search_term_string}"},"query-input":{"@type":"PropertyValueSpecification","valueRequired":true,"valueName":"search_term_string"}}],"inLanguage":"nl-NL"},{"@type":"Organization","@id":"https:\/\/www.information-bruxelles.be\/nl\/#organization","name":"Information-bruxelles.be","url":"https:\/\/www.information-bruxelles.be\/nl\/","logo":{"@type":"ImageObject","inLanguage":"nl-NL","@id":"https:\/\/www.information-bruxelles.be\/nl\/#\/schema\/logo\/image\/","url":"","contentUrl":"","caption":"Information-bruxelles.be"},"image":{"@id":"https:\/\/www.information-bruxelles.be\/nl\/#\/schema\/logo\/image\/"}},{"@type":"Person","@id":"https:\/\/www.information-bruxelles.be\/nl\/#\/schema\/person\/98741cc6cca3592ec8c415c6e4e43032","name":"Alice Vandendorpe","description":"Alice Vandendorpe est une r\u00e9dactrice chevronn\u00e9e avec plus de 10 ans d'exp\u00e9rience dans le journalisme. Elle excelle dans la cr\u00e9ation de contenus captivants et informatifs, et dirige notre \u00e9quipe avec passion et d\u00e9vouement.","url":"https:\/\/www.information-bruxelles.be\/nl\/author\/alice-vandendorpe\/"}]}},"jetpack_featured_media_url":"https:\/\/www.information-bruxelles.be\/wp-content\/uploads\/2025\/08\/Images-Articles-information-Bruxelles-15.webp","jetpack_sharing_enabled":true,"_links":{"self":[{"href":"https:\/\/www.information-bruxelles.be\/nl\/wp-json\/wp\/v2\/posts\/10010","targetHints":{"allow":["GET"]}}],"collection":[{"href":"https:\/\/www.information-bruxelles.be\/nl\/wp-json\/wp\/v2\/posts"}],"about":[{"href":"https:\/\/www.information-bruxelles.be\/nl\/wp-json\/wp\/v2\/types\/post"}],"author":[{"embeddable":true,"href":"https:\/\/www.information-bruxelles.be\/nl\/wp-json\/wp\/v2\/users\/13"}],"replies":[{"embeddable":true,"href":"https:\/\/www.information-bruxelles.be\/nl\/wp-json\/wp\/v2\/comments?post=10010"}],"version-history":[{"count":0,"href":"https:\/\/www.information-bruxelles.be\/nl\/wp-json\/wp\/v2\/posts\/10010\/revisions"}],"wp:featuredmedia":[{"embeddable":true,"href":"https:\/\/www.information-bruxelles.be\/nl\/wp-json\/wp\/v2\/media\/9888"}],"wp:attachment":[{"href":"https:\/\/www.information-bruxelles.be\/nl\/wp-json\/wp\/v2\/media?parent=10010"}],"wp:term":[{"taxonomy":"category","embeddable":true,"href":"https:\/\/www.information-bruxelles.be\/nl\/wp-json\/wp\/v2\/categories?post=10010"},{"taxonomy":"post_tag","embeddable":true,"href":"https:\/\/www.information-bruxelles.be\/nl\/wp-json\/wp\/v2\/tags?post=10010"}],"curies":[{"name":"wp","href":"https:\/\/api.w.org\/{rel}","templated":true}]}}