{"id":10007,"date":"2025-11-28T07:42:35","date_gmt":"2025-11-28T07:42:35","guid":{"rendered":"https:\/\/www.information-bruxelles.be\/training-in-brussel-elke-van-den-brandt-nodigt-elke-nederlandstalige-partij-uit-voor-bilaterale-gesprekken\/"},"modified":"2025-11-28T07:42:35","modified_gmt":"2025-11-28T07:42:35","slug":"training-in-brussel-elke-van-den-brandt-nodigt-elke-nederlandstalige-partij-uit-voor-bilaterale-gesprekken","status":"publish","type":"post","link":"https:\/\/www.information-bruxelles.be\/nl\/training-in-brussel-elke-van-den-brandt-nodigt-elke-nederlandstalige-partij-uit-voor-bilaterale-gesprekken\/","title":{"rendered":"Training in Brussel: Elke Van den Brandt nodigt elke Nederlandstalige partij uit voor bilaterale gesprekken"},"content":{"rendered":"\n\n<div class=\"kk-star-ratings kksr-auto kksr-align-left kksr-valign-top\"\n    data-payload='{&quot;align&quot;:&quot;left&quot;,&quot;id&quot;:&quot;10007&quot;,&quot;slug&quot;:&quot;default&quot;,&quot;valign&quot;:&quot;top&quot;,&quot;ignore&quot;:&quot;&quot;,&quot;reference&quot;:&quot;auto&quot;,&quot;class&quot;:&quot;&quot;,&quot;count&quot;:&quot;0&quot;,&quot;legendonly&quot;:&quot;&quot;,&quot;readonly&quot;:&quot;&quot;,&quot;score&quot;:&quot;0&quot;,&quot;starsonly&quot;:&quot;&quot;,&quot;best&quot;:&quot;5&quot;,&quot;gap&quot;:&quot;5&quot;,&quot;greet&quot;:&quot;Rate this post&quot;,&quot;legend&quot;:&quot;0\\\/5 - (0 stemmen)&quot;,&quot;size&quot;:&quot;24&quot;,&quot;title&quot;:&quot;Training in Brussel: Elke Van den Brandt nodigt elke Nederlandstalige partij uit voor bilaterale gesprekken&quot;,&quot;width&quot;:&quot;0&quot;,&quot;_legend&quot;:&quot;{score}\\\/{best} - ({count} {votes})&quot;,&quot;font_factor&quot;:&quot;1.25&quot;}'>\n            \n<div class=\"kksr-stars\">\n    \n<div class=\"kksr-stars-inactive\">\n            <div class=\"kksr-star\" data-star=\"1\" style=\"padding-right: 5px\">\n            \n\n<div class=\"kksr-icon\" style=\"width: 24px; height: 24px;\"><\/div>\n        <\/div>\n            <div class=\"kksr-star\" data-star=\"2\" style=\"padding-right: 5px\">\n            \n\n<div class=\"kksr-icon\" style=\"width: 24px; height: 24px;\"><\/div>\n        <\/div>\n            <div class=\"kksr-star\" data-star=\"3\" style=\"padding-right: 5px\">\n            \n\n<div class=\"kksr-icon\" style=\"width: 24px; height: 24px;\"><\/div>\n        <\/div>\n            <div class=\"kksr-star\" data-star=\"4\" style=\"padding-right: 5px\">\n            \n\n<div class=\"kksr-icon\" style=\"width: 24px; height: 24px;\"><\/div>\n        <\/div>\n            <div class=\"kksr-star\" data-star=\"5\" style=\"padding-right: 5px\">\n            \n\n<div class=\"kksr-icon\" style=\"width: 24px; height: 24px;\"><\/div>\n        <\/div>\n    <\/div>\n    \n<div class=\"kksr-stars-active\" style=\"width: 0px;\">\n            <div class=\"kksr-star\" style=\"padding-right: 5px\">\n            \n\n<div class=\"kksr-icon\" style=\"width: 24px; height: 24px;\"><\/div>\n        <\/div>\n            <div class=\"kksr-star\" style=\"padding-right: 5px\">\n            \n\n<div class=\"kksr-icon\" style=\"width: 24px; height: 24px;\"><\/div>\n        <\/div>\n            <div class=\"kksr-star\" style=\"padding-right: 5px\">\n            \n\n<div class=\"kksr-icon\" style=\"width: 24px; height: 24px;\"><\/div>\n        <\/div>\n            <div class=\"kksr-star\" style=\"padding-right: 5px\">\n            \n\n<div class=\"kksr-icon\" style=\"width: 24px; height: 24px;\"><\/div>\n        <\/div>\n            <div class=\"kksr-star\" style=\"padding-right: 5px\">\n            \n\n<div class=\"kksr-icon\" style=\"width: 24px; height: 24px;\"><\/div>\n        <\/div>\n    <\/div>\n<\/div>\n                \n\n<div class=\"kksr-legend\" style=\"font-size: 19.2px;\">\n            <span class=\"kksr-muted\">Rate this post<\/span>\n    <\/div>\n    <\/div>\n<h2>In Brussel zet Elke Van den Brandt in op bilaterale gesprekken om de onderhandelingen weer op gang te brengen<\/h2>\n<p>Geconfronteerd met een hardnekkige politieke impasse stelt Groen-leider Elke Van den Brandt in Brussel een reeks individuele bijeenkomsten met de Nederlandstalige partijen voor om de impasse bij de vorming van de toekomstige regionale regering te doorbreken. Dit ongekende initiatief is bedoeld om de spanningen tussen de partijen te doorbreken, maar roept nu al twijfels op over de werkelijke effectiviteit. <\/p>\n<h2>De bilaterale strategie om de impasse te doorbreken<\/h2>\n<p>Concreet nodigt Elke Van den Brandt achtereenvolgens elke Nederlandstalige partij in het Brussels Gewest, met uitzondering van het Vlaams Belang, uit voor een persoonlijk gesprek. De bedoeling is om de knelpunten geval per geval aan te pakken, rekening houdend met de prioriteiten van elke partij. Deze methode staat in contrast met de grote multilaterale rondetafelgesprekken, die vaak gekenmerkt worden door gespannen uitwisselingen en complexe kruisgesprekken.  <\/p>\n<p>In de praktijk zou deze aanpak het mogelijk maken om sneller de specifieke vereisten van elke training vast te stellen. De trainer, gesteund door Groen&#8217;s status als de leidende Nederlandstalige partij in Brussel, is van plan om een flexibeler onderhandelingskader op te zetten. Ze belooft de komende dagen een reeks bilaterale gesprekken te voeren, maar laat de deur open voor de mogelijkheid om bredere coalities te vormen zodra de situatie verandert.  <\/p>\n<h2>Contrasterende reacties in het politieke spectrum<\/h2>\n<p>Zodra het initiatief werd aangekondigd, kreeg het een gemengde ontvangst. Ecolo weigerde de uitnodiging die Georges-Louis Bouchez (MR) eerder had gedaan en hekelde een vorm van haast en een gebrek aan duidelijke voorwaarden. D\u00e9FI van haar kant zei bereid te zijn om deel te nemen, maar drong aan op de noodzaak van een &#8220;respectvol kader&#8221; en bekritiseerde het gebrek aan aandacht dat ze tot nu toe had gekregen.  <\/p>\n<p>De Franstalige gemeenschap blijft verdeeld. De PS, de belangrijkste Franstalige partij van Brussel, weigert nog steeds aan tafel te gaan zitten zolang de &#8220;beledigende opmerkingen&#8221; die aan de voorzitter van Open Vld, Fr\u00e9d\u00e9ric De Gucht, worden toegeschreven, aanhouden. Tot slot is de MR van plan om de uitnodiging uit te breiden naar alle &#8220;democratische&#8221; krachten, wat aantoont dat hij niemand aan de kant wil laten staan, behalve extreem rechts.  <\/p>\n<h2>De gebreken van een dialoog in verkleind formaat<\/h2>\n<p>Maar deze versnippering van de onderhandelingen brengt risico&#8217;s met zich mee. Ten eerste kan het proces er langer door worden, doordat er steeds meer vergaderingen volgen zonder dat er een collectieve dynamiek ontstaat. Ten tweede verzwakt het uitsluiten van de Franstalige meerderheid van de SP a minima het evenwicht van een toekomstige coalitie, die absoluut een taalkundige en politieke meerderheid moet samenbrengen.  <\/p>\n<p>Op lange termijn zouden de Brusselaars wel eens de dupe kunnen worden van deze fase van aarzeling. Bij gebrek aan een volledig operationele regering worden budgettaire beslissingen uitgesteld, worden investeringen in mobiliteit en huisvesting uitgesteld en hebben overheidsdiensten moeite om nieuwe projecten op te starten. De huidige autoriteiten beheren de dagelijkse gang van zaken, zonder dat ze in staat zijn om het gewest te binden aan prioriteiten op middellange termijn.  <\/p>\n<h2>Een gespannen evenwicht tussen taal en gemeenschap<\/h2>\n<p>Brussel, een tweetalige hoofdstad en zetel van de Europese instellingen, is een plaats waar de communautaire kwestie nog springlevend is. De uitsluiting van het Vlaams Belang weerspiegelt een bijna algemene consensus, maar de afwijzing van de belangrijkste Franstalige partij stelt het principe van de taalgelijkheid ter discussie. In de hoofdstad moet elke coalitie een solide evenwicht garanderen om het vertrouwen van zowel Franstalige als Nederlandstalige kiezers te winnen.  <\/p>\n<p>Door te weigeren deel te nemen aan de bilaterale gesprekken met Bouchez, stelt de PS dat onderhandelingen niet kunnen plaatsvinden in een klimaat van &#8220;kwetsende woorden&#8221;. Haar terughoudendheid benadrukt echter een paradox: zonder terughoudendheid kan geen enkel Frans-Nederlands pact de noodzakelijke meerderheid behalen. Deze spanning illustreert hoe moeilijk het is om persoonlijke grieven te overstijgen en een gemeenschappelijk project op te bouwen.  <\/p>\n<h2>Directe gevolgen voor de Brusselaars<\/h2>\n<p>Naast de politieke strijd heeft dit institutionele vacu\u00fcm ook praktische gevolgen. Budgetten voor openbaar vervoer blijven op de automatische piloot werken, waardoor de uitbreiding van tramlijnen en de renovatie van infrastructuur worden afgeremd. Stadsvernieuwingsprojecten, die essentieel zijn om de huisvestingscrisis aan te pakken, worden gehinderd door een gebrek aan agenten die nieuwe procedures kunnen opstarten.  <\/p>\n<p>Op sociaal vlak melden verenigingen een negatieve impact op de dienstverlening aan kwetsbare groepen. Financiering die afhankelijk is van een nieuwe wetgevende macht is bevroren en de zorg voor daklozen of mensen in precaire situaties wordt vertraagd. Bovendien heeft de regio moeite om de beloofde milieumaatregelen te nemen, zoals de aanleg van voetgangerszones en de bescherming van de stedelijke biodiversiteit.  <\/p>\n<h2>Vooruitzichten: naar een realistische uitkomst?<\/h2>\n<p>Hoewel er nog veel open vragen zijn, kunnen een aantal wegen worden verkend. Ten eerste zou externe bemiddeling vanuit de academische wereld of verenigingen kunnen helpen om persoonlijke spanningen weg te nemen en een neutraal kader te cre\u00ebren. Ten tweede zou een strak tijdschema, met een duidelijk ultimatum, elke groep dwingen om uit de impasse te komen.  <\/p>\n<p>Tot slot stellen sommige spelers voor om te experimenteren met een miniccoalitie voor noodgevallen, die alleen verantwoordelijk is voor het stemmen over de begroting en het opstarten van prioritaire projecten, voordat er over het volledige programma wordt onderhandeld. Deze pragmatische formule zou een frisse wind laten waaien door de administratie zonder dat alle politieke meningsverschillen meteen worden opgelost. <\/p>\n<p>Uiteindelijk is de bilaterale aanpak van Elke Van den Brandt een gewaagde gok. Als ze erin slaagt een persoonlijke dialoog tot stand te brengen, kan ze de vastgelopen onderhandelingen een nieuwe dynamiek geven. Omgekeerd, als de PS en andere belangrijke bondgenoten deze aanpak blijven boycotten, zal de impasse voortduren en zullen de Brusselaars blijven wachten op een regering die in staat is om de grote uitdagingen van de hoofdstad aan te pakken.  <\/p>\n","protected":false},"excerpt":{"rendered":"<p>In Brussel zet Elke Van den Brandt in op bilaterale gesprekken om de onderhandelingen weer op gang te brengen Geconfronteerd met een hardnekkige politieke impasse stelt Groen-leider Elke Van den Brandt in Brussel een reeks individuele bijeenkomsten met de Nederlandstalige partijen voor om de impasse bij de vorming van de toekomstige regionale regering te doorbreken. [&hellip;]<\/p>\n","protected":false},"author":14,"featured_media":9981,"comment_status":"closed","ping_status":"closed","sticky":false,"template":"","format":"standard","meta":{"_et_pb_use_builder":"","_et_pb_old_content":"","_et_gb_content_width":"","_jetpack_memberships_contains_paid_content":false,"footnotes":""},"categories":[288],"tags":[],"class_list":["post-10007","post","type-post","status-publish","format-standard","has-post-thumbnail","hentry","category-nieuws-brussel"],"yoast_head":"<!-- This site is optimized with the Yoast SEO plugin v27.5 - https:\/\/yoast.com\/product\/yoast-seo-wordpress\/ -->\n<title>Training in Brussel: Elke Van den Brandt nodigt elke Nederlandstalige partij uit voor bilaterale gesprekken - Information-bruxelles.be<\/title>\n<meta name=\"robots\" content=\"index, follow, max-snippet:-1, max-image-preview:large, max-video-preview:-1\" \/>\n<link rel=\"canonical\" href=\"https:\/\/www.information-bruxelles.be\/nl\/training-in-brussel-elke-van-den-brandt-nodigt-elke-nederlandstalige-partij-uit-voor-bilaterale-gesprekken\/\" \/>\n<meta property=\"og:locale\" content=\"nl_NL\" \/>\n<meta property=\"og:type\" content=\"article\" \/>\n<meta property=\"og:title\" content=\"Training in Brussel: Elke Van den Brandt nodigt elke Nederlandstalige partij uit voor bilaterale gesprekken - Information-bruxelles.be\" \/>\n<meta property=\"og:description\" content=\"In Brussel zet Elke Van den Brandt in op bilaterale gesprekken om de onderhandelingen weer op gang te brengen Geconfronteerd met een hardnekkige politieke impasse stelt Groen-leider Elke Van den Brandt in Brussel een reeks individuele bijeenkomsten met de Nederlandstalige partijen voor om de impasse bij de vorming van de toekomstige regionale regering te doorbreken. [&hellip;]\" \/>\n<meta property=\"og:url\" content=\"https:\/\/www.information-bruxelles.be\/nl\/training-in-brussel-elke-van-den-brandt-nodigt-elke-nederlandstalige-partij-uit-voor-bilaterale-gesprekken\/\" \/>\n<meta property=\"og:site_name\" content=\"Information-bruxelles.be\" \/>\n<meta property=\"article:published_time\" content=\"2025-11-28T07:42:35+00:00\" \/>\n<meta property=\"og:image\" content=\"https:\/\/www.information-bruxelles.be\/wp-content\/uploads\/2025\/11\/Information-bruxelles-3.webp\" \/>\n\t<meta property=\"og:image:width\" content=\"1200\" \/>\n\t<meta property=\"og:image:height\" content=\"686\" \/>\n\t<meta property=\"og:image:type\" content=\"image\/webp\" \/>\n<meta name=\"author\" content=\"Olivier Meynaerts\" \/>\n<meta name=\"twitter:card\" content=\"summary_large_image\" \/>\n<meta name=\"twitter:label1\" content=\"Geschreven door\" \/>\n\t<meta name=\"twitter:data1\" content=\"Olivier Meynaerts\" \/>\n\t<meta name=\"twitter:label2\" content=\"Geschatte leestijd\" \/>\n\t<meta name=\"twitter:data2\" content=\"5 minuten\" \/>\n<script type=\"application\/ld+json\" class=\"yoast-schema-graph\">{\"@context\":\"https:\\\/\\\/schema.org\",\"@graph\":[{\"@type\":\"Article\",\"@id\":\"https:\\\/\\\/www.information-bruxelles.be\\\/nl\\\/training-in-brussel-elke-van-den-brandt-nodigt-elke-nederlandstalige-partij-uit-voor-bilaterale-gesprekken\\\/#article\",\"isPartOf\":{\"@id\":\"https:\\\/\\\/www.information-bruxelles.be\\\/nl\\\/training-in-brussel-elke-van-den-brandt-nodigt-elke-nederlandstalige-partij-uit-voor-bilaterale-gesprekken\\\/\"},\"author\":{\"name\":\"Olivier Meynaerts\",\"@id\":\"https:\\\/\\\/www.information-bruxelles.be\\\/nl\\\/#\\\/schema\\\/person\\\/8efd13a6ea16e6e4855480348ab7dfac\"},\"headline\":\"Training in Brussel: Elke Van den Brandt nodigt elke Nederlandstalige partij uit voor bilaterale gesprekken\",\"datePublished\":\"2025-11-28T07:42:35+00:00\",\"mainEntityOfPage\":{\"@id\":\"https:\\\/\\\/www.information-bruxelles.be\\\/nl\\\/training-in-brussel-elke-van-den-brandt-nodigt-elke-nederlandstalige-partij-uit-voor-bilaterale-gesprekken\\\/\"},\"wordCount\":976,\"publisher\":{\"@id\":\"https:\\\/\\\/www.information-bruxelles.be\\\/nl\\\/#organization\"},\"image\":{\"@id\":\"https:\\\/\\\/www.information-bruxelles.be\\\/nl\\\/training-in-brussel-elke-van-den-brandt-nodigt-elke-nederlandstalige-partij-uit-voor-bilaterale-gesprekken\\\/#primaryimage\"},\"thumbnailUrl\":\"https:\\\/\\\/www.information-bruxelles.be\\\/wp-content\\\/uploads\\\/2025\\\/11\\\/Information-bruxelles-3.webp\",\"articleSection\":[\"Nieuws Brussel\"],\"inLanguage\":\"nl-NL\"},{\"@type\":\"WebPage\",\"@id\":\"https:\\\/\\\/www.information-bruxelles.be\\\/nl\\\/training-in-brussel-elke-van-den-brandt-nodigt-elke-nederlandstalige-partij-uit-voor-bilaterale-gesprekken\\\/\",\"url\":\"https:\\\/\\\/www.information-bruxelles.be\\\/nl\\\/training-in-brussel-elke-van-den-brandt-nodigt-elke-nederlandstalige-partij-uit-voor-bilaterale-gesprekken\\\/\",\"name\":\"Training in Brussel: Elke Van den Brandt nodigt elke Nederlandstalige partij uit voor bilaterale gesprekken - Information-bruxelles.be\",\"isPartOf\":{\"@id\":\"https:\\\/\\\/www.information-bruxelles.be\\\/nl\\\/#website\"},\"primaryImageOfPage\":{\"@id\":\"https:\\\/\\\/www.information-bruxelles.be\\\/nl\\\/training-in-brussel-elke-van-den-brandt-nodigt-elke-nederlandstalige-partij-uit-voor-bilaterale-gesprekken\\\/#primaryimage\"},\"image\":{\"@id\":\"https:\\\/\\\/www.information-bruxelles.be\\\/nl\\\/training-in-brussel-elke-van-den-brandt-nodigt-elke-nederlandstalige-partij-uit-voor-bilaterale-gesprekken\\\/#primaryimage\"},\"thumbnailUrl\":\"https:\\\/\\\/www.information-bruxelles.be\\\/wp-content\\\/uploads\\\/2025\\\/11\\\/Information-bruxelles-3.webp\",\"datePublished\":\"2025-11-28T07:42:35+00:00\",\"breadcrumb\":{\"@id\":\"https:\\\/\\\/www.information-bruxelles.be\\\/nl\\\/training-in-brussel-elke-van-den-brandt-nodigt-elke-nederlandstalige-partij-uit-voor-bilaterale-gesprekken\\\/#breadcrumb\"},\"inLanguage\":\"nl-NL\",\"potentialAction\":[{\"@type\":\"ReadAction\",\"target\":[\"https:\\\/\\\/www.information-bruxelles.be\\\/nl\\\/training-in-brussel-elke-van-den-brandt-nodigt-elke-nederlandstalige-partij-uit-voor-bilaterale-gesprekken\\\/\"]}]},{\"@type\":\"ImageObject\",\"inLanguage\":\"nl-NL\",\"@id\":\"https:\\\/\\\/www.information-bruxelles.be\\\/nl\\\/training-in-brussel-elke-van-den-brandt-nodigt-elke-nederlandstalige-partij-uit-voor-bilaterale-gesprekken\\\/#primaryimage\",\"url\":\"https:\\\/\\\/www.information-bruxelles.be\\\/wp-content\\\/uploads\\\/2025\\\/11\\\/Information-bruxelles-3.webp\",\"contentUrl\":\"https:\\\/\\\/www.information-bruxelles.be\\\/wp-content\\\/uploads\\\/2025\\\/11\\\/Information-bruxelles-3.webp\",\"width\":1200,\"height\":686},{\"@type\":\"BreadcrumbList\",\"@id\":\"https:\\\/\\\/www.information-bruxelles.be\\\/nl\\\/training-in-brussel-elke-van-den-brandt-nodigt-elke-nederlandstalige-partij-uit-voor-bilaterale-gesprekken\\\/#breadcrumb\",\"itemListElement\":[{\"@type\":\"ListItem\",\"position\":1,\"name\":\"Accueil\",\"item\":\"https:\\\/\\\/www.information-bruxelles.be\\\/nl\\\/\"},{\"@type\":\"ListItem\",\"position\":2,\"name\":\"Ongecategoriseerd\",\"item\":\"https:\\\/\\\/www.information-bruxelles.be\\\/nl\\\/category\\\/ongecategoriseerd\\\/\"},{\"@type\":\"ListItem\",\"position\":3,\"name\":\"Training in Brussel: Elke Van den Brandt nodigt elke Nederlandstalige partij uit voor bilaterale gesprekken\"}]},{\"@type\":\"WebSite\",\"@id\":\"https:\\\/\\\/www.information-bruxelles.be\\\/nl\\\/#website\",\"url\":\"https:\\\/\\\/www.information-bruxelles.be\\\/nl\\\/\",\"name\":\"Information-bruxelles.be\",\"description\":\"Le blog conseil survivaliste\",\"publisher\":{\"@id\":\"https:\\\/\\\/www.information-bruxelles.be\\\/nl\\\/#organization\"},\"potentialAction\":[{\"@type\":\"SearchAction\",\"target\":{\"@type\":\"EntryPoint\",\"urlTemplate\":\"https:\\\/\\\/www.information-bruxelles.be\\\/nl\\\/?s={search_term_string}\"},\"query-input\":{\"@type\":\"PropertyValueSpecification\",\"valueRequired\":true,\"valueName\":\"search_term_string\"}}],\"inLanguage\":\"nl-NL\"},{\"@type\":\"Organization\",\"@id\":\"https:\\\/\\\/www.information-bruxelles.be\\\/nl\\\/#organization\",\"name\":\"Information-bruxelles.be\",\"url\":\"https:\\\/\\\/www.information-bruxelles.be\\\/nl\\\/\",\"logo\":{\"@type\":\"ImageObject\",\"inLanguage\":\"nl-NL\",\"@id\":\"https:\\\/\\\/www.information-bruxelles.be\\\/nl\\\/#\\\/schema\\\/logo\\\/image\\\/\",\"url\":\"\",\"contentUrl\":\"\",\"caption\":\"Information-bruxelles.be\"},\"image\":{\"@id\":\"https:\\\/\\\/www.information-bruxelles.be\\\/nl\\\/#\\\/schema\\\/logo\\\/image\\\/\"}},{\"@type\":\"Person\",\"@id\":\"https:\\\/\\\/www.information-bruxelles.be\\\/nl\\\/#\\\/schema\\\/person\\\/8efd13a6ea16e6e4855480348ab7dfac\",\"name\":\"Olivier Meynaerts\",\"description\":\"Olivier Meynaerts est un \u00e9ditorialiste aguerri avec une exp\u00e9rience dans le domaine de l\u2019analyse et de la critique. Reconnu pour sa capacit\u00e9 \u00e0 interpr\u00e9ter l\u2019actualit\u00e9 avec perspicacit\u00e9, il offre des perspectives \u00e9clair\u00e9es et provocantes. Sa plume incisive et son engagement envers une information de qualit\u00e9 font de lui un leader d\u2019opinion respect\u00e9, guidant notre \u00e9quipe avec d\u00e9termination.\",\"url\":\"https:\\\/\\\/www.information-bruxelles.be\\\/nl\\\/author\\\/olivier-meynaerts\\\/\"}]}<\/script>\n<!-- \/ Yoast SEO plugin. -->","yoast_head_json":{"title":"Training in Brussel: Elke Van den Brandt nodigt elke Nederlandstalige partij uit voor bilaterale gesprekken - Information-bruxelles.be","robots":{"index":"index","follow":"follow","max-snippet":"max-snippet:-1","max-image-preview":"max-image-preview:large","max-video-preview":"max-video-preview:-1"},"canonical":"https:\/\/www.information-bruxelles.be\/nl\/training-in-brussel-elke-van-den-brandt-nodigt-elke-nederlandstalige-partij-uit-voor-bilaterale-gesprekken\/","og_locale":"nl_NL","og_type":"article","og_title":"Training in Brussel: Elke Van den Brandt nodigt elke Nederlandstalige partij uit voor bilaterale gesprekken - Information-bruxelles.be","og_description":"In Brussel zet Elke Van den Brandt in op bilaterale gesprekken om de onderhandelingen weer op gang te brengen Geconfronteerd met een hardnekkige politieke impasse stelt Groen-leider Elke Van den Brandt in Brussel een reeks individuele bijeenkomsten met de Nederlandstalige partijen voor om de impasse bij de vorming van de toekomstige regionale regering te doorbreken. [&hellip;]","og_url":"https:\/\/www.information-bruxelles.be\/nl\/training-in-brussel-elke-van-den-brandt-nodigt-elke-nederlandstalige-partij-uit-voor-bilaterale-gesprekken\/","og_site_name":"Information-bruxelles.be","article_published_time":"2025-11-28T07:42:35+00:00","og_image":[{"width":1200,"height":686,"url":"https:\/\/www.information-bruxelles.be\/wp-content\/uploads\/2025\/11\/Information-bruxelles-3.webp","type":"image\/webp"}],"author":"Olivier Meynaerts","twitter_card":"summary_large_image","twitter_misc":{"Geschreven door":"Olivier Meynaerts","Geschatte leestijd":"5 minuten"},"schema":{"@context":"https:\/\/schema.org","@graph":[{"@type":"Article","@id":"https:\/\/www.information-bruxelles.be\/nl\/training-in-brussel-elke-van-den-brandt-nodigt-elke-nederlandstalige-partij-uit-voor-bilaterale-gesprekken\/#article","isPartOf":{"@id":"https:\/\/www.information-bruxelles.be\/nl\/training-in-brussel-elke-van-den-brandt-nodigt-elke-nederlandstalige-partij-uit-voor-bilaterale-gesprekken\/"},"author":{"name":"Olivier Meynaerts","@id":"https:\/\/www.information-bruxelles.be\/nl\/#\/schema\/person\/8efd13a6ea16e6e4855480348ab7dfac"},"headline":"Training in Brussel: Elke Van den Brandt nodigt elke Nederlandstalige partij uit voor bilaterale gesprekken","datePublished":"2025-11-28T07:42:35+00:00","mainEntityOfPage":{"@id":"https:\/\/www.information-bruxelles.be\/nl\/training-in-brussel-elke-van-den-brandt-nodigt-elke-nederlandstalige-partij-uit-voor-bilaterale-gesprekken\/"},"wordCount":976,"publisher":{"@id":"https:\/\/www.information-bruxelles.be\/nl\/#organization"},"image":{"@id":"https:\/\/www.information-bruxelles.be\/nl\/training-in-brussel-elke-van-den-brandt-nodigt-elke-nederlandstalige-partij-uit-voor-bilaterale-gesprekken\/#primaryimage"},"thumbnailUrl":"https:\/\/www.information-bruxelles.be\/wp-content\/uploads\/2025\/11\/Information-bruxelles-3.webp","articleSection":["Nieuws Brussel"],"inLanguage":"nl-NL"},{"@type":"WebPage","@id":"https:\/\/www.information-bruxelles.be\/nl\/training-in-brussel-elke-van-den-brandt-nodigt-elke-nederlandstalige-partij-uit-voor-bilaterale-gesprekken\/","url":"https:\/\/www.information-bruxelles.be\/nl\/training-in-brussel-elke-van-den-brandt-nodigt-elke-nederlandstalige-partij-uit-voor-bilaterale-gesprekken\/","name":"Training in Brussel: Elke Van den Brandt nodigt elke Nederlandstalige partij uit voor bilaterale gesprekken - Information-bruxelles.be","isPartOf":{"@id":"https:\/\/www.information-bruxelles.be\/nl\/#website"},"primaryImageOfPage":{"@id":"https:\/\/www.information-bruxelles.be\/nl\/training-in-brussel-elke-van-den-brandt-nodigt-elke-nederlandstalige-partij-uit-voor-bilaterale-gesprekken\/#primaryimage"},"image":{"@id":"https:\/\/www.information-bruxelles.be\/nl\/training-in-brussel-elke-van-den-brandt-nodigt-elke-nederlandstalige-partij-uit-voor-bilaterale-gesprekken\/#primaryimage"},"thumbnailUrl":"https:\/\/www.information-bruxelles.be\/wp-content\/uploads\/2025\/11\/Information-bruxelles-3.webp","datePublished":"2025-11-28T07:42:35+00:00","breadcrumb":{"@id":"https:\/\/www.information-bruxelles.be\/nl\/training-in-brussel-elke-van-den-brandt-nodigt-elke-nederlandstalige-partij-uit-voor-bilaterale-gesprekken\/#breadcrumb"},"inLanguage":"nl-NL","potentialAction":[{"@type":"ReadAction","target":["https:\/\/www.information-bruxelles.be\/nl\/training-in-brussel-elke-van-den-brandt-nodigt-elke-nederlandstalige-partij-uit-voor-bilaterale-gesprekken\/"]}]},{"@type":"ImageObject","inLanguage":"nl-NL","@id":"https:\/\/www.information-bruxelles.be\/nl\/training-in-brussel-elke-van-den-brandt-nodigt-elke-nederlandstalige-partij-uit-voor-bilaterale-gesprekken\/#primaryimage","url":"https:\/\/www.information-bruxelles.be\/wp-content\/uploads\/2025\/11\/Information-bruxelles-3.webp","contentUrl":"https:\/\/www.information-bruxelles.be\/wp-content\/uploads\/2025\/11\/Information-bruxelles-3.webp","width":1200,"height":686},{"@type":"BreadcrumbList","@id":"https:\/\/www.information-bruxelles.be\/nl\/training-in-brussel-elke-van-den-brandt-nodigt-elke-nederlandstalige-partij-uit-voor-bilaterale-gesprekken\/#breadcrumb","itemListElement":[{"@type":"ListItem","position":1,"name":"Accueil","item":"https:\/\/www.information-bruxelles.be\/nl\/"},{"@type":"ListItem","position":2,"name":"Ongecategoriseerd","item":"https:\/\/www.information-bruxelles.be\/nl\/category\/ongecategoriseerd\/"},{"@type":"ListItem","position":3,"name":"Training in Brussel: Elke Van den Brandt nodigt elke Nederlandstalige partij uit voor bilaterale gesprekken"}]},{"@type":"WebSite","@id":"https:\/\/www.information-bruxelles.be\/nl\/#website","url":"https:\/\/www.information-bruxelles.be\/nl\/","name":"Information-bruxelles.be","description":"Le blog conseil survivaliste","publisher":{"@id":"https:\/\/www.information-bruxelles.be\/nl\/#organization"},"potentialAction":[{"@type":"SearchAction","target":{"@type":"EntryPoint","urlTemplate":"https:\/\/www.information-bruxelles.be\/nl\/?s={search_term_string}"},"query-input":{"@type":"PropertyValueSpecification","valueRequired":true,"valueName":"search_term_string"}}],"inLanguage":"nl-NL"},{"@type":"Organization","@id":"https:\/\/www.information-bruxelles.be\/nl\/#organization","name":"Information-bruxelles.be","url":"https:\/\/www.information-bruxelles.be\/nl\/","logo":{"@type":"ImageObject","inLanguage":"nl-NL","@id":"https:\/\/www.information-bruxelles.be\/nl\/#\/schema\/logo\/image\/","url":"","contentUrl":"","caption":"Information-bruxelles.be"},"image":{"@id":"https:\/\/www.information-bruxelles.be\/nl\/#\/schema\/logo\/image\/"}},{"@type":"Person","@id":"https:\/\/www.information-bruxelles.be\/nl\/#\/schema\/person\/8efd13a6ea16e6e4855480348ab7dfac","name":"Olivier Meynaerts","description":"Olivier Meynaerts est un \u00e9ditorialiste aguerri avec une exp\u00e9rience dans le domaine de l\u2019analyse et de la critique. Reconnu pour sa capacit\u00e9 \u00e0 interpr\u00e9ter l\u2019actualit\u00e9 avec perspicacit\u00e9, il offre des perspectives \u00e9clair\u00e9es et provocantes. Sa plume incisive et son engagement envers une information de qualit\u00e9 font de lui un leader d\u2019opinion respect\u00e9, guidant notre \u00e9quipe avec d\u00e9termination.","url":"https:\/\/www.information-bruxelles.be\/nl\/author\/olivier-meynaerts\/"}]}},"jetpack_featured_media_url":"https:\/\/www.information-bruxelles.be\/wp-content\/uploads\/2025\/11\/Information-bruxelles-3.webp","jetpack_sharing_enabled":true,"_links":{"self":[{"href":"https:\/\/www.information-bruxelles.be\/nl\/wp-json\/wp\/v2\/posts\/10007","targetHints":{"allow":["GET"]}}],"collection":[{"href":"https:\/\/www.information-bruxelles.be\/nl\/wp-json\/wp\/v2\/posts"}],"about":[{"href":"https:\/\/www.information-bruxelles.be\/nl\/wp-json\/wp\/v2\/types\/post"}],"author":[{"embeddable":true,"href":"https:\/\/www.information-bruxelles.be\/nl\/wp-json\/wp\/v2\/users\/14"}],"replies":[{"embeddable":true,"href":"https:\/\/www.information-bruxelles.be\/nl\/wp-json\/wp\/v2\/comments?post=10007"}],"version-history":[{"count":0,"href":"https:\/\/www.information-bruxelles.be\/nl\/wp-json\/wp\/v2\/posts\/10007\/revisions"}],"wp:featuredmedia":[{"embeddable":true,"href":"https:\/\/www.information-bruxelles.be\/nl\/wp-json\/wp\/v2\/media\/9981"}],"wp:attachment":[{"href":"https:\/\/www.information-bruxelles.be\/nl\/wp-json\/wp\/v2\/media?parent=10007"}],"wp:term":[{"taxonomy":"category","embeddable":true,"href":"https:\/\/www.information-bruxelles.be\/nl\/wp-json\/wp\/v2\/categories?post=10007"},{"taxonomy":"post_tag","embeddable":true,"href":"https:\/\/www.information-bruxelles.be\/nl\/wp-json\/wp\/v2\/tags?post=10007"}],"curies":[{"name":"wp","href":"https:\/\/api.w.org\/{rel}","templated":true}]}}